{"id":1210,"date":"2021-01-26T12:56:29","date_gmt":"2021-01-26T12:56:29","guid":{"rendered":"http:\/\/tiradentes.net\/01\/?p=1210"},"modified":"2021-01-26T13:15:36","modified_gmt":"2021-01-26T13:15:36","slug":"clima-em-tiradentes-mg-e-previsao-do-tempo","status":"publish","type":"post","link":"https:\/\/tiradentes.net\/01\/clima-em-tiradentes-mg-e-previsao-do-tempo\/","title":{"rendered":"Clima em Tiradentes-MG e previs\u00e3o do tempo"},"content":{"rendered":"<p>Em Tiradentes, a esta\u00e7\u00e3o com precipita\u00e7\u00e3o \u00e9 \u00famida e de c\u00e9u encoberto; a esta\u00e7\u00e3o seca \u00e9 de c\u00e9u quase sem nuvens. Durante o ano inteiro, o clima \u00e9 morno. Ao longo do ano, em geral a temperatura varia de\u00a0<em>11 \u00b0C<\/em>\u00a0a\u00a0<em>29 \u00b0C<\/em>\u00a0e raramente \u00e9 inferior a\u00a0<em>8 \u00b0C<\/em>\u00a0ou superior a\u00a0<em>34 \u00b0C<\/em>.<\/p>\n<p><strong>Temperatura<\/strong><br \/>\nM\u00e9dia anual: 19,2\u00ba C<br \/>\nM\u00e9dia m\u00e1xima anual:25,8\u00ba C<br \/>\nM\u00e9dia m\u00ednima anual: 14,1\u00ba C<\/p>\n<p><strong>Esta\u00e7\u00e3o Seca<\/strong><br \/>\nAbril a outubro<\/p>\n<p><strong>Esta\u00e7\u00e3o Chuvosa<\/strong><br \/>\nNovembro a mar\u00e7o<\/p>\n<p><em>Confira abaixo a previs\u00e3o do tempo para os pr\u00f3ximos dias:<\/em><\/p>\n<p><!-- Widget Previs&atilde;o de Tempo CPTEC\/INPE --><iframe loading=\"lazy\" src=\"https:\/\/www.cptec.inpe.br\/widget\/widget.php?p=5405&amp;w=v&amp;c=909090&amp;f=ffffff\" width=\"192px\" height=\"350px\" frameborder=\"0\" marginwidth=\"0\" marginheight=\"0\" scrolling=\"no\"><\/iframe><noscript>Previs\u00e3o de <a href=\"http:\/\/www.cptec.inpe.br\/cidades\/tempo\/5405\">Tiradentes\/MG<\/a> oferecido por <a href=\"http:\/\/www.cptec.inpe.br\">CPTEC\/INPE<\/a><\/noscript><!-- Widget Previs&atilde;o de Tempo CPTEC\/INPE --><\/p>\n<p>&nbsp;<\/p>\n","protected":false},"excerpt":{"rendered":"<p>Em Tiradentes, a esta\u00e7\u00e3o com precipita\u00e7\u00e3o \u00e9 \u00famida e de c\u00e9u encoberto; a esta\u00e7\u00e3o seca \u00e9 de c\u00e9u quase sem nuvens. Durante o ano inteiro, o clima \u00e9 morno. Ao longo do ano, em geral a temperatura varia de\u00a011 \u00b0C\u00a0a\u00a029 \u00b0C\u00a0e raramente \u00e9 inferior a\u00a08 \u00b0C\u00a0ou superior a\u00a034 \u00b0C. Temperatura<\/p>\n","protected":false},"author":1,"featured_media":1211,"comment_status":"open","ping_status":"open","sticky":false,"template":"","format":"standard","meta":{"_mi_skip_tracking":false},"categories":[257],"tags":[],"table_tags":[],"yoast_head":"<!-- This site is optimized with the Yoast SEO plugin v19.6.1 - https:\/\/yoast.com\/wordpress\/plugins\/seo\/ -->\n<title>Clima em Tiradentes-MG e previs\u00e3o do tempo - Tiradentes.Net: o portal de Tiradentes-MG e regi\u00e3o<\/title>\n<meta name=\"robots\" content=\"index, follow, max-snippet:-1, max-image-preview:large, max-video-preview:-1\" \/>\n<link rel=\"canonical\" href=\"https:\/\/tiradentes.net\/01\/clima-em-tiradentes-mg-e-previsao-do-tempo\/\" \/>\n<meta property=\"og:locale\" content=\"pt_BR\" \/>\n<meta property=\"og:type\" content=\"article\" \/>\n<meta property=\"og:title\" content=\"Clima em Tiradentes-MG e previs\u00e3o do tempo - Tiradentes.Net: o portal de Tiradentes-MG e regi\u00e3o\" \/>\n<meta property=\"og:description\" content=\"Em Tiradentes, a esta\u00e7\u00e3o com precipita\u00e7\u00e3o \u00e9 \u00famida e de c\u00e9u encoberto; a esta\u00e7\u00e3o seca \u00e9 de c\u00e9u quase sem nuvens. Durante o ano inteiro, o clima \u00e9 morno. Ao longo do ano, em geral a temperatura varia de\u00a011 \u00b0C\u00a0a\u00a029 \u00b0C\u00a0e raramente \u00e9 inferior a\u00a08 \u00b0C\u00a0ou superior a\u00a034 \u00b0C. Temperatura\" \/>\n<meta property=\"og:url\" content=\"https:\/\/tiradentes.net\/01\/clima-em-tiradentes-mg-e-previsao-do-tempo\/\" \/>\n<meta property=\"og:site_name\" content=\"Tiradentes.Net: o portal de Tiradentes-MG e regi\u00e3o\" \/>\n<meta property=\"article:published_time\" content=\"2021-01-26T12:56:29+00:00\" \/>\n<meta property=\"article:modified_time\" content=\"2021-01-26T13:15:36+00:00\" \/>\n<meta property=\"og:image\" content=\"https:\/\/tiradentes.net\/01\/wp-content\/uploads\/2021\/01\/clima.jpg\" \/>\n\t<meta property=\"og:image:width\" content=\"222\" \/>\n\t<meta property=\"og:image:height\" content=\"154\" \/>\n\t<meta property=\"og:image:type\" content=\"image\/jpeg\" \/>\n<meta name=\"author\" content=\"admin\" \/>\n<meta name=\"twitter:card\" content=\"summary_large_image\" \/>\n<meta name=\"twitter:label1\" content=\"Escrito por\" \/>\n\t<meta name=\"twitter:data1\" content=\"admin\" \/>\n\t<meta name=\"twitter:label2\" content=\"Est. tempo de leitura\" \/>\n\t<meta name=\"twitter:data2\" content=\"1 minuto\" \/>\n<script type=\"application\/ld+json\" class=\"yoast-schema-graph\">{\"@context\":\"https:\/\/schema.org\",\"@graph\":[{\"@type\":\"Article\",\"@id\":\"https:\/\/tiradentes.net\/01\/clima-em-tiradentes-mg-e-previsao-do-tempo\/#article\",\"isPartOf\":{\"@id\":\"https:\/\/tiradentes.net\/01\/clima-em-tiradentes-mg-e-previsao-do-tempo\/\"},\"author\":{\"name\":\"admin\",\"@id\":\"https:\/\/tiradentes.net\/01\/#\/schema\/person\/5e0ac2c20f34e722f2f67b67107d8cc1\"},\"headline\":\"Clima em Tiradentes-MG e previs\u00e3o do tempo\",\"datePublished\":\"2021-01-26T12:56:29+00:00\",\"dateModified\":\"2021-01-26T13:15:36+00:00\",\"mainEntityOfPage\":{\"@id\":\"https:\/\/tiradentes.net\/01\/clima-em-tiradentes-mg-e-previsao-do-tempo\/\"},\"wordCount\":113,\"commentCount\":0,\"publisher\":{\"@id\":\"https:\/\/tiradentes.net\/01\/#organization\"},\"articleSection\":[\"Informa\u00e7\u00f5es \u00fateis\"],\"inLanguage\":\"pt-BR\",\"potentialAction\":[{\"@type\":\"CommentAction\",\"name\":\"Comment\",\"target\":[\"https:\/\/tiradentes.net\/01\/clima-em-tiradentes-mg-e-previsao-do-tempo\/#respond\"]}]},{\"@type\":\"WebPage\",\"@id\":\"https:\/\/tiradentes.net\/01\/clima-em-tiradentes-mg-e-previsao-do-tempo\/\",\"url\":\"https:\/\/tiradentes.net\/01\/clima-em-tiradentes-mg-e-previsao-do-tempo\/\",\"name\":\"Clima em Tiradentes-MG e previs\u00e3o do tempo - Tiradentes.Net: o portal de Tiradentes-MG e regi\u00e3o\",\"isPartOf\":{\"@id\":\"https:\/\/tiradentes.net\/01\/#website\"},\"datePublished\":\"2021-01-26T12:56:29+00:00\",\"dateModified\":\"2021-01-26T13:15:36+00:00\",\"breadcrumb\":{\"@id\":\"https:\/\/tiradentes.net\/01\/clima-em-tiradentes-mg-e-previsao-do-tempo\/#breadcrumb\"},\"inLanguage\":\"pt-BR\",\"potentialAction\":[{\"@type\":\"ReadAction\",\"target\":[\"https:\/\/tiradentes.net\/01\/clima-em-tiradentes-mg-e-previsao-do-tempo\/\"]}]},{\"@type\":\"BreadcrumbList\",\"@id\":\"https:\/\/tiradentes.net\/01\/clima-em-tiradentes-mg-e-previsao-do-tempo\/#breadcrumb\",\"itemListElement\":[{\"@type\":\"ListItem\",\"position\":1,\"name\":\"In\u00edcio\",\"item\":\"https:\/\/tiradentes.net\/01\/\"},{\"@type\":\"ListItem\",\"position\":2,\"name\":\"Clima em Tiradentes-MG e previs\u00e3o do tempo\"}]},{\"@type\":\"WebSite\",\"@id\":\"https:\/\/tiradentes.net\/01\/#website\",\"url\":\"https:\/\/tiradentes.net\/01\/\",\"name\":\"Tiradentes.Net: o portal de Tiradentes-MG e regi\u00e3o\",\"description\":\"Tudo sobre Tiradentes-MG e regi\u00e3o. Not\u00edcias e informa\u00e7\u00f5es para planejar sua viagem: Hot\u00e9is e pousadas, restaurantes, atra\u00e7\u00f5es, com\u00e9rcio e servi\u00e7os relaicionados \u00e0 Tiradentes-MG e regi\u00e3o\",\"publisher\":{\"@id\":\"https:\/\/tiradentes.net\/01\/#organization\"},\"potentialAction\":[{\"@type\":\"SearchAction\",\"target\":{\"@type\":\"EntryPoint\",\"urlTemplate\":\"https:\/\/tiradentes.net\/01\/?s={search_term_string}\"},\"query-input\":\"required name=search_term_string\"}],\"inLanguage\":\"pt-BR\"},{\"@type\":\"Organization\",\"@id\":\"https:\/\/tiradentes.net\/01\/#organization\",\"name\":\"Tiradentes.Net: o portal de Tiradentes-MG e regi\u00e3o\",\"url\":\"https:\/\/tiradentes.net\/01\/\",\"sameAs\":[],\"logo\":{\"@type\":\"ImageObject\",\"inLanguage\":\"pt-BR\",\"@id\":\"https:\/\/tiradentes.net\/01\/#\/schema\/logo\/image\/\",\"url\":\"https:\/\/tiradentes.net\/01\/wp-content\/uploads\/2021\/01\/LOGO2.png\",\"contentUrl\":\"https:\/\/tiradentes.net\/01\/wp-content\/uploads\/2021\/01\/LOGO2.png\",\"width\":250,\"height\":185,\"caption\":\"Tiradentes.Net: o portal de Tiradentes-MG e regi\u00e3o\"},\"image\":{\"@id\":\"https:\/\/tiradentes.net\/01\/#\/schema\/logo\/image\/\"}},{\"@type\":\"Person\",\"@id\":\"https:\/\/tiradentes.net\/01\/#\/schema\/person\/5e0ac2c20f34e722f2f67b67107d8cc1\",\"name\":\"admin\",\"sameAs\":[\"http:\/\/tiradentes.net\/01\"],\"url\":\"https:\/\/tiradentes.net\/01\/profile\/admin\/\"}]}<\/script>\n<!-- \/ Yoast SEO plugin. -->","yoast_head_json":{"title":"Clima em Tiradentes-MG e previs\u00e3o do tempo - Tiradentes.Net: o portal de Tiradentes-MG e regi\u00e3o","robots":{"index":"index","follow":"follow","max-snippet":"max-snippet:-1","max-image-preview":"max-image-preview:large","max-video-preview":"max-video-preview:-1"},"canonical":"https:\/\/tiradentes.net\/01\/clima-em-tiradentes-mg-e-previsao-do-tempo\/","og_locale":"pt_BR","og_type":"article","og_title":"Clima em Tiradentes-MG e previs\u00e3o do tempo - Tiradentes.Net: o portal de Tiradentes-MG e regi\u00e3o","og_description":"Em Tiradentes, a esta\u00e7\u00e3o com precipita\u00e7\u00e3o \u00e9 \u00famida e de c\u00e9u encoberto; a esta\u00e7\u00e3o seca \u00e9 de c\u00e9u quase sem nuvens. Durante o ano inteiro, o clima \u00e9 morno. Ao longo do ano, em geral a temperatura varia de\u00a011 \u00b0C\u00a0a\u00a029 \u00b0C\u00a0e raramente \u00e9 inferior a\u00a08 \u00b0C\u00a0ou superior a\u00a034 \u00b0C. Temperatura","og_url":"https:\/\/tiradentes.net\/01\/clima-em-tiradentes-mg-e-previsao-do-tempo\/","og_site_name":"Tiradentes.Net: o portal de Tiradentes-MG e regi\u00e3o","article_published_time":"2021-01-26T12:56:29+00:00","article_modified_time":"2021-01-26T13:15:36+00:00","og_image":[{"width":222,"height":154,"url":"https:\/\/tiradentes.net\/01\/wp-content\/uploads\/2021\/01\/clima.jpg","type":"image\/jpeg"}],"author":"admin","twitter_card":"summary_large_image","twitter_misc":{"Escrito por":"admin","Est. tempo de leitura":"1 minuto"},"schema":{"@context":"https:\/\/schema.org","@graph":[{"@type":"Article","@id":"https:\/\/tiradentes.net\/01\/clima-em-tiradentes-mg-e-previsao-do-tempo\/#article","isPartOf":{"@id":"https:\/\/tiradentes.net\/01\/clima-em-tiradentes-mg-e-previsao-do-tempo\/"},"author":{"name":"admin","@id":"https:\/\/tiradentes.net\/01\/#\/schema\/person\/5e0ac2c20f34e722f2f67b67107d8cc1"},"headline":"Clima em Tiradentes-MG e previs\u00e3o do tempo","datePublished":"2021-01-26T12:56:29+00:00","dateModified":"2021-01-26T13:15:36+00:00","mainEntityOfPage":{"@id":"https:\/\/tiradentes.net\/01\/clima-em-tiradentes-mg-e-previsao-do-tempo\/"},"wordCount":113,"commentCount":0,"publisher":{"@id":"https:\/\/tiradentes.net\/01\/#organization"},"articleSection":["Informa\u00e7\u00f5es \u00fateis"],"inLanguage":"pt-BR","potentialAction":[{"@type":"CommentAction","name":"Comment","target":["https:\/\/tiradentes.net\/01\/clima-em-tiradentes-mg-e-previsao-do-tempo\/#respond"]}]},{"@type":"WebPage","@id":"https:\/\/tiradentes.net\/01\/clima-em-tiradentes-mg-e-previsao-do-tempo\/","url":"https:\/\/tiradentes.net\/01\/clima-em-tiradentes-mg-e-previsao-do-tempo\/","name":"Clima em Tiradentes-MG e previs\u00e3o do tempo - Tiradentes.Net: o portal de Tiradentes-MG e regi\u00e3o","isPartOf":{"@id":"https:\/\/tiradentes.net\/01\/#website"},"datePublished":"2021-01-26T12:56:29+00:00","dateModified":"2021-01-26T13:15:36+00:00","breadcrumb":{"@id":"https:\/\/tiradentes.net\/01\/clima-em-tiradentes-mg-e-previsao-do-tempo\/#breadcrumb"},"inLanguage":"pt-BR","potentialAction":[{"@type":"ReadAction","target":["https:\/\/tiradentes.net\/01\/clima-em-tiradentes-mg-e-previsao-do-tempo\/"]}]},{"@type":"BreadcrumbList","@id":"https:\/\/tiradentes.net\/01\/clima-em-tiradentes-mg-e-previsao-do-tempo\/#breadcrumb","itemListElement":[{"@type":"ListItem","position":1,"name":"In\u00edcio","item":"https:\/\/tiradentes.net\/01\/"},{"@type":"ListItem","position":2,"name":"Clima em Tiradentes-MG e previs\u00e3o do tempo"}]},{"@type":"WebSite","@id":"https:\/\/tiradentes.net\/01\/#website","url":"https:\/\/tiradentes.net\/01\/","name":"Tiradentes.Net: o portal de Tiradentes-MG e regi\u00e3o","description":"Tudo sobre Tiradentes-MG e regi\u00e3o. Not\u00edcias e informa\u00e7\u00f5es para planejar sua viagem: Hot\u00e9is e pousadas, restaurantes, atra\u00e7\u00f5es, com\u00e9rcio e servi\u00e7os relaicionados \u00e0 Tiradentes-MG e regi\u00e3o","publisher":{"@id":"https:\/\/tiradentes.net\/01\/#organization"},"potentialAction":[{"@type":"SearchAction","target":{"@type":"EntryPoint","urlTemplate":"https:\/\/tiradentes.net\/01\/?s={search_term_string}"},"query-input":"required name=search_term_string"}],"inLanguage":"pt-BR"},{"@type":"Organization","@id":"https:\/\/tiradentes.net\/01\/#organization","name":"Tiradentes.Net: o portal de Tiradentes-MG e regi\u00e3o","url":"https:\/\/tiradentes.net\/01\/","sameAs":[],"logo":{"@type":"ImageObject","inLanguage":"pt-BR","@id":"https:\/\/tiradentes.net\/01\/#\/schema\/logo\/image\/","url":"https:\/\/tiradentes.net\/01\/wp-content\/uploads\/2021\/01\/LOGO2.png","contentUrl":"https:\/\/tiradentes.net\/01\/wp-content\/uploads\/2021\/01\/LOGO2.png","width":250,"height":185,"caption":"Tiradentes.Net: o portal de Tiradentes-MG e regi\u00e3o"},"image":{"@id":"https:\/\/tiradentes.net\/01\/#\/schema\/logo\/image\/"}},{"@type":"Person","@id":"https:\/\/tiradentes.net\/01\/#\/schema\/person\/5e0ac2c20f34e722f2f67b67107d8cc1","name":"admin","sameAs":["http:\/\/tiradentes.net\/01"],"url":"https:\/\/tiradentes.net\/01\/profile\/admin\/"}]}},"_links":{"self":[{"href":"https:\/\/tiradentes.net\/01\/wp-json\/wp\/v2\/posts\/1210"}],"collection":[{"href":"https:\/\/tiradentes.net\/01\/wp-json\/wp\/v2\/posts"}],"about":[{"href":"https:\/\/tiradentes.net\/01\/wp-json\/wp\/v2\/types\/post"}],"author":[{"embeddable":true,"href":"https:\/\/tiradentes.net\/01\/wp-json\/wp\/v2\/users\/1"}],"replies":[{"embeddable":true,"href":"https:\/\/tiradentes.net\/01\/wp-json\/wp\/v2\/comments?post=1210"}],"version-history":[{"count":0,"href":"https:\/\/tiradentes.net\/01\/wp-json\/wp\/v2\/posts\/1210\/revisions"}],"wp:featuredmedia":[{"embeddable":true,"href":"https:\/\/tiradentes.net\/01\/wp-json\/wp\/v2\/media\/1211"}],"wp:attachment":[{"href":"https:\/\/tiradentes.net\/01\/wp-json\/wp\/v2\/media?parent=1210"}],"wp:term":[{"taxonomy":"category","embeddable":true,"href":"https:\/\/tiradentes.net\/01\/wp-json\/wp\/v2\/categories?post=1210"},{"taxonomy":"post_tag","embeddable":true,"href":"https:\/\/tiradentes.net\/01\/wp-json\/wp\/v2\/tags?post=1210"},{"taxonomy":"table_tags","embeddable":true,"href":"https:\/\/tiradentes.net\/01\/wp-json\/wp\/v2\/table_tags?post=1210"}],"curies":[{"name":"wp","href":"https:\/\/api.w.org\/{rel}","templated":true}]}}