{"id":1603,"date":"2021-01-19T23:40:02","date_gmt":"2021-01-20T02:40:02","guid":{"rendered":"http:\/\/tiradentes.net\/01\/?p=1603"},"modified":"2021-03-09T16:18:06","modified_gmt":"2021-03-09T19:18:06","slug":"o-personagem-tiradentes-e-a-inconfidencia-mineira","status":"publish","type":"post","link":"https:\/\/tiradentes.net\/01\/o-personagem-tiradentes-e-a-inconfidencia-mineira\/","title":{"rendered":"Tiradentes e a Inconfid\u00eancia Mineira"},"content":{"rendered":"<h3>Quem foi Tiradentes?<\/h3>\n<figure id=\"attachment_1604\" aria-describedby=\"caption-attachment-1604\" style=\"width: 320px\" class=\"wp-caption alignright\"><img loading=\"lazy\" class=\"size-full wp-image-1604\" src=\"http:\/\/tiradentes.net\/01\/wp-content\/uploads\/2021\/03\/320px-Oscar_Pereira_da_Silva_-_Retrato_de_Joaquim_Jose_da_Silva_Xavier_-_Tiradentes_Acervo_do_Museu_Paulista_da_USP.jpg\" alt=\"\" width=\"320\" height=\"546\" srcset=\"https:\/\/tiradentes.net\/01\/wp-content\/uploads\/2021\/03\/320px-Oscar_Pereira_da_Silva_-_Retrato_de_Joaquim_Jose_da_Silva_Xavier_-_Tiradentes_Acervo_do_Museu_Paulista_da_USP.jpg 320w, https:\/\/tiradentes.net\/01\/wp-content\/uploads\/2021\/03\/320px-Oscar_Pereira_da_Silva_-_Retrato_de_Joaquim_Jose_da_Silva_Xavier_-_Tiradentes_Acervo_do_Museu_Paulista_da_USP-176x300.jpg 176w\" sizes=\"(max-width: 320px) 100vw, 320px\" \/><figcaption id=\"caption-attachment-1604\" class=\"wp-caption-text\">Tiradentes, em pintura de Oscar Pereira da Silva.<\/figcaption><\/figure>\n<p>\u201cTiradentes\u201d, foi o apelido recebido por Joaquim Jos\u00e9 da Silva Xavier, um dos l\u00edderes da Inconfid\u00eancia Mineira e o \u00fanico, entre os inconfidentes, a receber a pena de morte, pela forca.<\/p>\n<p>Nascido no ano de 1746, na ent\u00e3o Capitania de Minas Gerais, durante o Brasil Colonial, Joaquim Jos\u00e9 desempenhou v\u00e1rias profiss\u00f5es. Entre elas, a de dentista amador, da\u00ed o apelido de Tiradentes. Al\u00e9m de dentista, Tiradentes tamb\u00e9m trabalhou como tropeiro (condutor de tropas de animais, transportadoras de mercadorias), minerador e mascate (mercador ambulante). No entanto, a \u00a0\u00fanica profiss\u00e3o que lhe rendeu estabilidade foi o posto de alferes da cavalaria de Drag\u00f5es Reais de Minas, a for\u00e7a militar atuante na Capitania de Minas Gerais e subordinada \u00e0 Coroa Portuguesa<\/p>\n<h4>O quinto, a derrama<\/h4>\n<p>O principal motivo que o animava e aos outros envolvidos na Inconfid\u00eancia a se levantarem contra o Imp\u00e9rio Portugu\u00eas era a constante retirada das riquezas da regi\u00e3o por meio de impostos excessivos. Do ouro produzido na Capitania de Minas Gerais, a Coroa Portuguesa cobrava o chamado quinto, isto \u00e9, o equivalente a cerca de 20% do total extra\u00eddo. Ocorreu que, a partir da d\u00e9cada de 1760, a extra\u00e7\u00e3o de ouro regrediu consideravelmente, mas n\u00e3o o valor do imposto. A taxa do quinto continuou a ser exigida dos mineradores locais, e o governador \u00a0Visconde de Barbacena, para fazer valer a lei, chegava at\u00e9 a impor agress\u00f5es f\u00edsicas.<\/p>\n<p>&nbsp;<\/p>\n<h4>A Inconfid\u00eancia<\/h4>\n<p>Amea\u00e7ada de uma derrama violenta, os inconfidentes, entre eles, o tenente-coronel Francisco de Paula Freire de Andrade, os poetas Cl\u00e1udio Manuel da Costa, Tom\u00e1s Ant\u00f4nio Gonzaga e Alvarenga Peixoto e Joaquim Jos\u00e9 da Silva Xavier, o Tiradentes, marcaram um levante para a ocasi\u00e3o da derrama de 1789. Por\u00e9m, antes que a conspira\u00e7\u00e3o se transformasse em revolu\u00e7\u00e3o, ela foi delatada ao governador Visconde de Barbacena \u00a0por Joaquim Silv\u00e9rio dos Reis, que assim propiciou a descoberta da trama e a pris\u00e3o de todos os envolvidos.<\/p>\n<p>&nbsp;<\/p>\n<h4>Pris\u00e3o, morte e heroifica\u00e7\u00e3o<\/h4>\n<figure id=\"attachment_1605\" aria-describedby=\"caption-attachment-1605\" style=\"width: 320px\" class=\"wp-caption alignleft\"><img loading=\"lazy\" class=\"size-full wp-image-1605\" src=\"http:\/\/tiradentes.net\/01\/wp-content\/uploads\/2021\/03\/Figueiredo-MHN-Tiradentes.jpg\" alt=\"\" width=\"320\" height=\"486\" srcset=\"https:\/\/tiradentes.net\/01\/wp-content\/uploads\/2021\/03\/Figueiredo-MHN-Tiradentes.jpg 320w, https:\/\/tiradentes.net\/01\/wp-content\/uploads\/2021\/03\/Figueiredo-MHN-Tiradentes-198x300.jpg 198w\" sizes=\"(max-width: 320px) 100vw, 320px\" \/><figcaption id=\"caption-attachment-1605\" class=\"wp-caption-text\">Mart\u00edrio de Tiradentes, \u00f3leo sobre tela de Francisco Aur\u00e9lio de Figueiredo e Melo (1854 \u2014 1916).<\/figcaption><\/figure>\n<p>Na manh\u00e3 de s\u00e1bado, 21 de abril de 1792, Tiradentes percorreu em prociss\u00e3o as ruas do centro da cidade do Rio de Janeiro, no trajeto entre a cadeia p\u00fablica e onde fora armado o pat\u00edbulo. O governo geral tratou de transformar aquela numa demonstra\u00e7\u00e3o de for\u00e7a da coroa portuguesa, fazendo verdadeira encena\u00e7\u00e3o. A leitura da senten\u00e7a estendeu-se por dezoito horas, ap\u00f3s a qual houve discursos de aclama\u00e7\u00e3o \u00e0 rainha, e o cortejo munido de verdadeira fanfarra e composta por toda a tropa local. Estudiosos \u00a0apontam toda essa humilha\u00e7\u00e3o como uma das poss\u00edveis causas para a preserva\u00e7\u00e3o da mem\u00f3ria de Tiradentes, pois todo esse espet\u00e1culo acabou por despertar a ira da popula\u00e7\u00e3o que presenciou o evento, quando a inten\u00e7\u00e3o era, ao contr\u00e1rio, intimidar a popula\u00e7\u00e3o para que n\u00e3o houvesse novas revoltas.<\/p>\n<p>Executado e esquartejado, com seu sangue se lavrou a certid\u00e3o de que estava cumprida a senten\u00e7a, tendo sido declarados infames a sua mem\u00f3ria e os seus descendentes. Sua cabe\u00e7a foi erguida em um poste em Vila Rica, tendo sido rapidamente cooptada e nunca mais localizada; os demais restos mortais foram distribu\u00eddos ao longo do Caminho Novo: Santana de Cebolas (atual Inconfid\u00eancia, distrito de Para\u00edba do Sul), Varginha do Louren\u00e7o, Barbacena e Queluz (antiga Carij\u00f3s, atual Conselheiro Lafaiete), lugares onde fizera seus discursos revolucion\u00e1rios. Arrasaram a casa em que morava, jogando-se sal ao terreno para que nada l\u00e1 germinasse.<\/p>\n<figure id=\"attachment_1608\" aria-describedby=\"caption-attachment-1608\" style=\"width: 331px\" class=\"wp-caption alignright\"><img loading=\"lazy\" class=\"size-full wp-image-1608\" src=\"http:\/\/tiradentes.net\/01\/wp-content\/uploads\/2021\/01\/estatua-tiradentes-02-p.jpg\" alt=\"\" width=\"331\" height=\"500\" srcset=\"https:\/\/tiradentes.net\/01\/wp-content\/uploads\/2021\/01\/estatua-tiradentes-02-p.jpg 331w, https:\/\/tiradentes.net\/01\/wp-content\/uploads\/2021\/01\/estatua-tiradentes-02-p-199x300.jpg 199w\" sizes=\"(max-width: 331px) 100vw, 331px\" \/><figcaption id=\"caption-attachment-1608\" class=\"wp-caption-text\">Est\u00e1tua de Tiradentes, erguida na cidade batizada com o seu nome<\/figcaption><\/figure>\n<p><strong>\u00cdcone da Liberdade<\/strong><\/p>\n<p>Vale notar que, tanto no per\u00edodo imperial quanto no per\u00edodo republicano, a imagem de Tiradentes passou a ser tomada como um \u00edcone da liberdade e da independ\u00eancia do Brasil, como um her\u00f3i da na\u00e7\u00e3o. \u00a0No ano de 1965, j\u00e1 na primeira fase do Regime Militar no Brasil, o marechal Castelo Branco, ent\u00e3o presidente da Rep\u00fablica, contribuiu para o refor\u00e7o dessa imagem de Tiradentes, sancionando a Lei N\u00ba 4. 897, de 9 de dezembro, que institu\u00eda o dia 21 de abril como feriado nacional e Tiradentes como, oficialmente, Patrono da Na\u00e7\u00e3o Brasileira.<\/p>\n<p>&nbsp;<\/p>\n<p><em>Fontes:\u00a0<\/em><br \/>\n<em>-Wikip\u00e9dia<\/em><br \/>\n<em>-historiadomundo.com.br<\/em><\/p>\n<p>&nbsp;<\/p>\n","protected":false},"excerpt":{"rendered":"<p>Quem foi Tiradentes? \u201cTiradentes\u201d, foi o apelido recebido por Joaquim Jos\u00e9 da Silva Xavier, um dos l\u00edderes da Inconfid\u00eancia Mineira e o \u00fanico, entre os inconfidentes, a receber a pena de morte, pela forca. Nascido no ano de 1746, na ent\u00e3o Capitania de Minas Gerais, durante o Brasil Colonial, Joaquim<\/p>\n","protected":false},"author":1,"featured_media":1609,"comment_status":"open","ping_status":"open","sticky":false,"template":"","format":"standard","meta":{"_mi_skip_tracking":false},"categories":[5],"tags":[],"table_tags":[],"yoast_head":"<!-- This site is optimized with the Yoast SEO plugin v19.6.1 - https:\/\/yoast.com\/wordpress\/plugins\/seo\/ -->\n<title>Tiradentes e a Inconfid\u00eancia Mineira - Tiradentes.Net: o portal de Tiradentes-MG e regi\u00e3o<\/title>\n<meta name=\"robots\" content=\"index, follow, max-snippet:-1, max-image-preview:large, max-video-preview:-1\" \/>\n<link rel=\"canonical\" href=\"https:\/\/tiradentes.net\/01\/o-personagem-tiradentes-e-a-inconfidencia-mineira\/\" \/>\n<meta property=\"og:locale\" content=\"pt_BR\" \/>\n<meta property=\"og:type\" content=\"article\" \/>\n<meta property=\"og:title\" content=\"Tiradentes e a Inconfid\u00eancia Mineira - Tiradentes.Net: o portal de Tiradentes-MG e regi\u00e3o\" \/>\n<meta property=\"og:description\" content=\"Quem foi Tiradentes? \u201cTiradentes\u201d, foi o apelido recebido por Joaquim Jos\u00e9 da Silva Xavier, um dos l\u00edderes da Inconfid\u00eancia Mineira e o \u00fanico, entre os inconfidentes, a receber a pena de morte, pela forca. Nascido no ano de 1746, na ent\u00e3o Capitania de Minas Gerais, durante o Brasil Colonial, Joaquim\" \/>\n<meta property=\"og:url\" content=\"https:\/\/tiradentes.net\/01\/o-personagem-tiradentes-e-a-inconfidencia-mineira\/\" \/>\n<meta property=\"og:site_name\" content=\"Tiradentes.Net: o portal de Tiradentes-MG e regi\u00e3o\" \/>\n<meta property=\"article:published_time\" content=\"2021-01-20T02:40:02+00:00\" \/>\n<meta property=\"article:modified_time\" content=\"2021-03-09T19:18:06+00:00\" \/>\n<meta property=\"og:image\" content=\"https:\/\/tiradentes.net\/01\/wp-content\/uploads\/2021\/01\/estatua-tiradentes-02-m.jpg\" \/>\n\t<meta property=\"og:image:width\" content=\"503\" \/>\n\t<meta property=\"og:image:height\" content=\"372\" \/>\n\t<meta property=\"og:image:type\" content=\"image\/jpeg\" \/>\n<meta name=\"author\" content=\"admin\" \/>\n<meta name=\"twitter:card\" content=\"summary_large_image\" \/>\n<meta name=\"twitter:label1\" content=\"Escrito por\" \/>\n\t<meta name=\"twitter:data1\" content=\"admin\" \/>\n\t<meta name=\"twitter:label2\" content=\"Est. tempo de leitura\" \/>\n\t<meta name=\"twitter:data2\" content=\"4 minutos\" \/>\n<script type=\"application\/ld+json\" class=\"yoast-schema-graph\">{\"@context\":\"https:\/\/schema.org\",\"@graph\":[{\"@type\":\"Article\",\"@id\":\"https:\/\/tiradentes.net\/01\/o-personagem-tiradentes-e-a-inconfidencia-mineira\/#article\",\"isPartOf\":{\"@id\":\"https:\/\/tiradentes.net\/01\/o-personagem-tiradentes-e-a-inconfidencia-mineira\/\"},\"author\":{\"name\":\"admin\",\"@id\":\"https:\/\/tiradentes.net\/01\/#\/schema\/person\/5e0ac2c20f34e722f2f67b67107d8cc1\"},\"headline\":\"Tiradentes e a Inconfid\u00eancia Mineira\",\"datePublished\":\"2021-01-20T02:40:02+00:00\",\"dateModified\":\"2021-03-09T19:18:06+00:00\",\"mainEntityOfPage\":{\"@id\":\"https:\/\/tiradentes.net\/01\/o-personagem-tiradentes-e-a-inconfidencia-mineira\/\"},\"wordCount\":773,\"commentCount\":0,\"publisher\":{\"@id\":\"https:\/\/tiradentes.net\/01\/#organization\"},\"articleSection\":[\"Sobre Tiradentes-MG\"],\"inLanguage\":\"pt-BR\",\"potentialAction\":[{\"@type\":\"CommentAction\",\"name\":\"Comment\",\"target\":[\"https:\/\/tiradentes.net\/01\/o-personagem-tiradentes-e-a-inconfidencia-mineira\/#respond\"]}]},{\"@type\":\"WebPage\",\"@id\":\"https:\/\/tiradentes.net\/01\/o-personagem-tiradentes-e-a-inconfidencia-mineira\/\",\"url\":\"https:\/\/tiradentes.net\/01\/o-personagem-tiradentes-e-a-inconfidencia-mineira\/\",\"name\":\"Tiradentes e a Inconfid\u00eancia Mineira - Tiradentes.Net: o portal de Tiradentes-MG e regi\u00e3o\",\"isPartOf\":{\"@id\":\"https:\/\/tiradentes.net\/01\/#website\"},\"datePublished\":\"2021-01-20T02:40:02+00:00\",\"dateModified\":\"2021-03-09T19:18:06+00:00\",\"breadcrumb\":{\"@id\":\"https:\/\/tiradentes.net\/01\/o-personagem-tiradentes-e-a-inconfidencia-mineira\/#breadcrumb\"},\"inLanguage\":\"pt-BR\",\"potentialAction\":[{\"@type\":\"ReadAction\",\"target\":[\"https:\/\/tiradentes.net\/01\/o-personagem-tiradentes-e-a-inconfidencia-mineira\/\"]}]},{\"@type\":\"BreadcrumbList\",\"@id\":\"https:\/\/tiradentes.net\/01\/o-personagem-tiradentes-e-a-inconfidencia-mineira\/#breadcrumb\",\"itemListElement\":[{\"@type\":\"ListItem\",\"position\":1,\"name\":\"In\u00edcio\",\"item\":\"https:\/\/tiradentes.net\/01\/\"},{\"@type\":\"ListItem\",\"position\":2,\"name\":\"Tiradentes e a Inconfid\u00eancia Mineira\"}]},{\"@type\":\"WebSite\",\"@id\":\"https:\/\/tiradentes.net\/01\/#website\",\"url\":\"https:\/\/tiradentes.net\/01\/\",\"name\":\"Tiradentes.Net: o portal de Tiradentes-MG e regi\u00e3o\",\"description\":\"Tudo sobre Tiradentes-MG e regi\u00e3o. Not\u00edcias e informa\u00e7\u00f5es para planejar sua viagem: Hot\u00e9is e pousadas, restaurantes, atra\u00e7\u00f5es, com\u00e9rcio e servi\u00e7os relaicionados \u00e0 Tiradentes-MG e regi\u00e3o\",\"publisher\":{\"@id\":\"https:\/\/tiradentes.net\/01\/#organization\"},\"potentialAction\":[{\"@type\":\"SearchAction\",\"target\":{\"@type\":\"EntryPoint\",\"urlTemplate\":\"https:\/\/tiradentes.net\/01\/?s={search_term_string}\"},\"query-input\":\"required name=search_term_string\"}],\"inLanguage\":\"pt-BR\"},{\"@type\":\"Organization\",\"@id\":\"https:\/\/tiradentes.net\/01\/#organization\",\"name\":\"Tiradentes.Net: o portal de Tiradentes-MG e regi\u00e3o\",\"url\":\"https:\/\/tiradentes.net\/01\/\",\"sameAs\":[],\"logo\":{\"@type\":\"ImageObject\",\"inLanguage\":\"pt-BR\",\"@id\":\"https:\/\/tiradentes.net\/01\/#\/schema\/logo\/image\/\",\"url\":\"https:\/\/tiradentes.net\/01\/wp-content\/uploads\/2021\/01\/LOGO2.png\",\"contentUrl\":\"https:\/\/tiradentes.net\/01\/wp-content\/uploads\/2021\/01\/LOGO2.png\",\"width\":250,\"height\":185,\"caption\":\"Tiradentes.Net: o portal de Tiradentes-MG e regi\u00e3o\"},\"image\":{\"@id\":\"https:\/\/tiradentes.net\/01\/#\/schema\/logo\/image\/\"}},{\"@type\":\"Person\",\"@id\":\"https:\/\/tiradentes.net\/01\/#\/schema\/person\/5e0ac2c20f34e722f2f67b67107d8cc1\",\"name\":\"admin\",\"sameAs\":[\"http:\/\/tiradentes.net\/01\"],\"url\":\"https:\/\/tiradentes.net\/01\/profile\/admin\/\"}]}<\/script>\n<!-- \/ Yoast SEO plugin. -->","yoast_head_json":{"title":"Tiradentes e a Inconfid\u00eancia Mineira - Tiradentes.Net: o portal de Tiradentes-MG e regi\u00e3o","robots":{"index":"index","follow":"follow","max-snippet":"max-snippet:-1","max-image-preview":"max-image-preview:large","max-video-preview":"max-video-preview:-1"},"canonical":"https:\/\/tiradentes.net\/01\/o-personagem-tiradentes-e-a-inconfidencia-mineira\/","og_locale":"pt_BR","og_type":"article","og_title":"Tiradentes e a Inconfid\u00eancia Mineira - Tiradentes.Net: o portal de Tiradentes-MG e regi\u00e3o","og_description":"Quem foi Tiradentes? \u201cTiradentes\u201d, foi o apelido recebido por Joaquim Jos\u00e9 da Silva Xavier, um dos l\u00edderes da Inconfid\u00eancia Mineira e o \u00fanico, entre os inconfidentes, a receber a pena de morte, pela forca. Nascido no ano de 1746, na ent\u00e3o Capitania de Minas Gerais, durante o Brasil Colonial, Joaquim","og_url":"https:\/\/tiradentes.net\/01\/o-personagem-tiradentes-e-a-inconfidencia-mineira\/","og_site_name":"Tiradentes.Net: o portal de Tiradentes-MG e regi\u00e3o","article_published_time":"2021-01-20T02:40:02+00:00","article_modified_time":"2021-03-09T19:18:06+00:00","og_image":[{"width":503,"height":372,"url":"https:\/\/tiradentes.net\/01\/wp-content\/uploads\/2021\/01\/estatua-tiradentes-02-m.jpg","type":"image\/jpeg"}],"author":"admin","twitter_card":"summary_large_image","twitter_misc":{"Escrito por":"admin","Est. tempo de leitura":"4 minutos"},"schema":{"@context":"https:\/\/schema.org","@graph":[{"@type":"Article","@id":"https:\/\/tiradentes.net\/01\/o-personagem-tiradentes-e-a-inconfidencia-mineira\/#article","isPartOf":{"@id":"https:\/\/tiradentes.net\/01\/o-personagem-tiradentes-e-a-inconfidencia-mineira\/"},"author":{"name":"admin","@id":"https:\/\/tiradentes.net\/01\/#\/schema\/person\/5e0ac2c20f34e722f2f67b67107d8cc1"},"headline":"Tiradentes e a Inconfid\u00eancia Mineira","datePublished":"2021-01-20T02:40:02+00:00","dateModified":"2021-03-09T19:18:06+00:00","mainEntityOfPage":{"@id":"https:\/\/tiradentes.net\/01\/o-personagem-tiradentes-e-a-inconfidencia-mineira\/"},"wordCount":773,"commentCount":0,"publisher":{"@id":"https:\/\/tiradentes.net\/01\/#organization"},"articleSection":["Sobre Tiradentes-MG"],"inLanguage":"pt-BR","potentialAction":[{"@type":"CommentAction","name":"Comment","target":["https:\/\/tiradentes.net\/01\/o-personagem-tiradentes-e-a-inconfidencia-mineira\/#respond"]}]},{"@type":"WebPage","@id":"https:\/\/tiradentes.net\/01\/o-personagem-tiradentes-e-a-inconfidencia-mineira\/","url":"https:\/\/tiradentes.net\/01\/o-personagem-tiradentes-e-a-inconfidencia-mineira\/","name":"Tiradentes e a Inconfid\u00eancia Mineira - Tiradentes.Net: o portal de Tiradentes-MG e regi\u00e3o","isPartOf":{"@id":"https:\/\/tiradentes.net\/01\/#website"},"datePublished":"2021-01-20T02:40:02+00:00","dateModified":"2021-03-09T19:18:06+00:00","breadcrumb":{"@id":"https:\/\/tiradentes.net\/01\/o-personagem-tiradentes-e-a-inconfidencia-mineira\/#breadcrumb"},"inLanguage":"pt-BR","potentialAction":[{"@type":"ReadAction","target":["https:\/\/tiradentes.net\/01\/o-personagem-tiradentes-e-a-inconfidencia-mineira\/"]}]},{"@type":"BreadcrumbList","@id":"https:\/\/tiradentes.net\/01\/o-personagem-tiradentes-e-a-inconfidencia-mineira\/#breadcrumb","itemListElement":[{"@type":"ListItem","position":1,"name":"In\u00edcio","item":"https:\/\/tiradentes.net\/01\/"},{"@type":"ListItem","position":2,"name":"Tiradentes e a Inconfid\u00eancia Mineira"}]},{"@type":"WebSite","@id":"https:\/\/tiradentes.net\/01\/#website","url":"https:\/\/tiradentes.net\/01\/","name":"Tiradentes.Net: o portal de Tiradentes-MG e regi\u00e3o","description":"Tudo sobre Tiradentes-MG e regi\u00e3o. Not\u00edcias e informa\u00e7\u00f5es para planejar sua viagem: Hot\u00e9is e pousadas, restaurantes, atra\u00e7\u00f5es, com\u00e9rcio e servi\u00e7os relaicionados \u00e0 Tiradentes-MG e regi\u00e3o","publisher":{"@id":"https:\/\/tiradentes.net\/01\/#organization"},"potentialAction":[{"@type":"SearchAction","target":{"@type":"EntryPoint","urlTemplate":"https:\/\/tiradentes.net\/01\/?s={search_term_string}"},"query-input":"required name=search_term_string"}],"inLanguage":"pt-BR"},{"@type":"Organization","@id":"https:\/\/tiradentes.net\/01\/#organization","name":"Tiradentes.Net: o portal de Tiradentes-MG e regi\u00e3o","url":"https:\/\/tiradentes.net\/01\/","sameAs":[],"logo":{"@type":"ImageObject","inLanguage":"pt-BR","@id":"https:\/\/tiradentes.net\/01\/#\/schema\/logo\/image\/","url":"https:\/\/tiradentes.net\/01\/wp-content\/uploads\/2021\/01\/LOGO2.png","contentUrl":"https:\/\/tiradentes.net\/01\/wp-content\/uploads\/2021\/01\/LOGO2.png","width":250,"height":185,"caption":"Tiradentes.Net: o portal de Tiradentes-MG e regi\u00e3o"},"image":{"@id":"https:\/\/tiradentes.net\/01\/#\/schema\/logo\/image\/"}},{"@type":"Person","@id":"https:\/\/tiradentes.net\/01\/#\/schema\/person\/5e0ac2c20f34e722f2f67b67107d8cc1","name":"admin","sameAs":["http:\/\/tiradentes.net\/01"],"url":"https:\/\/tiradentes.net\/01\/profile\/admin\/"}]}},"_links":{"self":[{"href":"https:\/\/tiradentes.net\/01\/wp-json\/wp\/v2\/posts\/1603"}],"collection":[{"href":"https:\/\/tiradentes.net\/01\/wp-json\/wp\/v2\/posts"}],"about":[{"href":"https:\/\/tiradentes.net\/01\/wp-json\/wp\/v2\/types\/post"}],"author":[{"embeddable":true,"href":"https:\/\/tiradentes.net\/01\/wp-json\/wp\/v2\/users\/1"}],"replies":[{"embeddable":true,"href":"https:\/\/tiradentes.net\/01\/wp-json\/wp\/v2\/comments?post=1603"}],"version-history":[{"count":0,"href":"https:\/\/tiradentes.net\/01\/wp-json\/wp\/v2\/posts\/1603\/revisions"}],"wp:featuredmedia":[{"embeddable":true,"href":"https:\/\/tiradentes.net\/01\/wp-json\/wp\/v2\/media\/1609"}],"wp:attachment":[{"href":"https:\/\/tiradentes.net\/01\/wp-json\/wp\/v2\/media?parent=1603"}],"wp:term":[{"taxonomy":"category","embeddable":true,"href":"https:\/\/tiradentes.net\/01\/wp-json\/wp\/v2\/categories?post=1603"},{"taxonomy":"post_tag","embeddable":true,"href":"https:\/\/tiradentes.net\/01\/wp-json\/wp\/v2\/tags?post=1603"},{"taxonomy":"table_tags","embeddable":true,"href":"https:\/\/tiradentes.net\/01\/wp-json\/wp\/v2\/table_tags?post=1603"}],"curies":[{"name":"wp","href":"https:\/\/api.w.org\/{rel}","templated":true}]}}