{"id":2263,"date":"2024-03-05T21:34:11","date_gmt":"2024-03-06T00:34:11","guid":{"rendered":"https:\/\/tiradentes.net\/01\/?p=2263"},"modified":"2024-05-03T15:32:59","modified_gmt":"2024-05-03T18:32:59","slug":"foto-em-pauta-2024-confira-alguns-destaques-da-programacao","status":"publish","type":"post","link":"https:\/\/tiradentes.net\/01\/foto-em-pauta-2024-confira-alguns-destaques-da-programacao\/","title":{"rendered":"Foto em Pauta 2024: confira alguns destaques da programa\u00e7\u00e3o"},"content":{"rendered":"<h3><em>Programa\u00e7\u00e3o gratuita inclui exposi\u00e7\u00f5es, oficinas, apresenta\u00e7\u00f5es foto-musicais e outras atra\u00e7\u00f5es especiais entre os dias 6 e 10 de mar\u00e7o na cidade hist\u00f3rica<\/em><\/h3>\n<p>A 13\u00aa Edi\u00e7\u00e3o do Festival de Fotografia de Tiradentes &#8211; Foto em Pauta acontecer\u00e1 de 6 a 10 de mar\u00e7o de 2024. O Sesc em Minas \u00e9 parceiro do Foto em Pauta na realiza\u00e7\u00e3o do evento, que promove o interc\u00e2mbio entre a arte local e artistas nacionais e internacionais desde 2011 na cidade hist\u00f3rica do interior mineiro.<\/p>\n<p>A programa\u00e7\u00e3o \u00e9 gratuita e inclui exposi\u00e7\u00f5es, debates, proje\u00e7\u00f5es de fotografias, lan\u00e7amentos de livros e atividades educativas e formativas.<\/p>\n<p>O Sesc em Minas apresenta quatro atra\u00e7\u00f5es especiais, com o objetivo de conectar o p\u00fablico a diferentes experi\u00eancias ligadas \u00e0 arte fotogr\u00e1fica. S\u00e3o elas:<\/p>\n<p><strong>Exposi\u00e7\u00e3o Janela M\u00e1gica<\/strong><br \/>\n<em>Local: Largo das Forras<\/em><br \/>\n<em>Hor\u00e1rios: quinta-feira (6\/3) a s\u00e1bado (9\/3), das 10h \u00e0s 12h e das 14h \u00e0s 17h<\/em><\/p>\n<p>Nesse experimento, o p\u00fablico \u00e9 convidado a interagir com uma c\u00e2mera Kodak Brownie \u201cTarget SIX 16\u201d, um \u00edcone dos anos 1940, para conhecer mais sobre a hist\u00f3ria da fotografia.<\/p>\n<p><strong>Exposi\u00e7\u00e3o foto-musical \u201cDi\u00e1logos da Terra\u201d, de Marcos Souza<\/strong><br \/>\n<em>Local: Largo das Forras<\/em><br \/>\n<em>Hor\u00e1rios: sexta-feira (8\/3) e s\u00e1bado (9\/3), das 20h \u00e0s 22h<\/em><\/p>\n<p>Compositor de trilhas para cinema e dan\u00e7a, pianista e diretor da empresa Atelier Cultural desde 1998, Marcos Souza trabalha como diretor de produ\u00e7\u00e3o musical da Orquestra Filarm\u00f4nica de Minas Gerais. Nesta edi\u00e7\u00e3o do Festival de Fotografia de Tiradentes, ele apresenta sua m\u00fasica com proje\u00e7\u00e3o de fotos, ao vivo.<\/p>\n<p><strong>Projeto KOMBInacomFOTO<\/strong><br \/>\n<em>Local: Largo das Forras<\/em><br \/>\n<em>Hor\u00e1rios: sexta-feira (8\/3) e s\u00e1bado (9\/3), de manh\u00e3 e \u00e0 tarde<\/em><\/p>\n<p>O projeto KOMBInacomFOTO leva oficinas itinerantes a escolas e espa\u00e7os p\u00fablicos, oferecendo uma experi\u00eancia singular no \u00e2mbito do ensino da fotografia. Cada oficina \u00e9 \u00fanica, pois o tema principal varia de acordo com o ambiente onde a Kombi se encontra.<\/p>\n<p><strong>Exposi\u00e7\u00e3o retratistas do Morro<\/strong><br \/>\n<em>Local: Centro Cultural Yves Alves (Rua Direita, 168 &#8211; Centro)<\/em><br \/>\n<em>Hor\u00e1rios: de quarta a sexta-feira, at\u00e9 o dia 29 de mar\u00e7o (*essa exposi\u00e7\u00e3o, extraordinariamente, ter\u00e1 dura\u00e7\u00e3o al\u00e9m do Festival)<\/em><br \/>\nDesenvolvido pelos fot\u00f3grafos Jo\u00e3o Mendes e Afonso Pimenta, sob curadoria e coordena\u00e7\u00e3o de Guilherme Cunha.<\/p>\n<p>O projeto constr\u00f3i uma narrativa da hist\u00f3ria recente das imagens brasileiras a partir do ponto de vista de fot\u00f3grafos que atuaram em vilas, favelas e comunidades do pa\u00eds entre 1960 e 2000. Em outubro de 2017, o trabalho recebeu o Pr\u00eamio Rodrigo Melo Franco de Andrade, concedido pelo IPHAN, em reconhecimento a sua import\u00e2ncia simb\u00f3lica para o Patrim\u00f4nio Art\u00edstico e Hist\u00f3rico Nacional.<\/p>\n<p><strong>Sobre o Festival de Fotografia de Tiradentes<\/strong><\/p>\n<p>O Festival de Fotografia de Tiradentes \u2013 Foto em Pauta chega \u00e0 13\u00aa edi\u00e7\u00e3o em 2024, reafirmando seu compromisso com o cen\u00e1rio da fotografia brasileira. O evento proporciona ao p\u00fablico ricas experi\u00eancias e trocas com profissionais de renome nacional e internacional.<\/p>\n<p>A programa\u00e7\u00e3o \u00e9 elaborada com o prop\u00f3sito de: mobilizar fot\u00f3grafos, estudantes, interessados na fotografia e a comunidade local, contribuindo com a forma\u00e7\u00e3o de plateia para o entendimento da fotografia e sua inser\u00e7\u00e3o na arte contempor\u00e2nea; promover a difus\u00e3o da produ\u00e7\u00e3o fotogr\u00e1fica autoral brasileira, a qualifica\u00e7\u00e3o e a atualiza\u00e7\u00e3o dos artistas que utilizam a fotografia; valorizar a realiza\u00e7\u00e3o de eventos culturais em munic\u00edpios do interior e estimular o turismo cultural em cidades hist\u00f3ricas brasileiras.<\/p>\n<p>\u00c9 poss\u00edvel saber mais em: <a href=\"http:\/\/www.fotoempauta.com.br\/festival2024\/\" target=\"_blank\" rel=\"noopener\">www.fotoempauta.com.br\/festival2024\/<\/a><\/p>\n<p><em><img loading=\"lazy\" class=\"alignnone size-full wp-image-2029\" src=\"https:\/\/tiradentes.net\/01\/wp-content\/uploads\/2022\/11\/dedo.gif\" alt=\"\" width=\"34\" height=\"20\" \/>Servi\u00e7o &#8211; 13\u00ba Festival de Fotografia de Tiradentes &#8211; Foto em Pauta<\/em><br \/>\n<em>De 6 a 10 de mar\u00e7o, em Tiradentes-MG<\/em><br \/>\n<em>Gratuito<\/em><\/p>\n","protected":false},"excerpt":{"rendered":"<p>Programa\u00e7\u00e3o gratuita inclui exposi\u00e7\u00f5es, oficinas, apresenta\u00e7\u00f5es foto-musicais e outras atra\u00e7\u00f5es especiais entre os dias 6 e 10 de mar\u00e7o na cidade hist\u00f3rica A 13\u00aa Edi\u00e7\u00e3o do Festival de Fotografia de Tiradentes &#8211; Foto em Pauta acontecer\u00e1 de 6 a 10 de mar\u00e7o de 2024. O Sesc em Minas \u00e9 parceiro<\/p>\n","protected":false},"author":1,"featured_media":2079,"comment_status":"open","ping_status":"open","sticky":false,"template":"","format":"standard","meta":{"_mi_skip_tracking":false},"categories":[1],"tags":[],"table_tags":[],"yoast_head":"<!-- This site is optimized with the Yoast SEO plugin v19.6.1 - https:\/\/yoast.com\/wordpress\/plugins\/seo\/ -->\n<title>Foto em Pauta 2024: confira alguns destaques da programa\u00e7\u00e3o Tiradentes.Net: o portal de Tiradentes-MG e regi\u00e3o<\/title>\n<meta name=\"description\" content=\"Foto em Pauta 2024 : confira alguns destaques da programa\u00e7\u00e3o do evento que movimenta a cidade hist\u00f3rica mineira entre os dias 6 a 10 de mar\u00e7o\" \/>\n<meta name=\"robots\" content=\"index, follow, max-snippet:-1, max-image-preview:large, max-video-preview:-1\" \/>\n<link rel=\"canonical\" href=\"https:\/\/tiradentes.net\/01\/foto-em-pauta-2024-confira-alguns-destaques-da-programacao\/\" \/>\n<meta property=\"og:locale\" content=\"pt_BR\" \/>\n<meta property=\"og:type\" content=\"article\" \/>\n<meta property=\"og:title\" content=\"Foto em Pauta 2024: confira alguns destaques da programa\u00e7\u00e3o Tiradentes.Net: o portal de Tiradentes-MG e regi\u00e3o\" \/>\n<meta property=\"og:description\" content=\"Foto em Pauta 2024 : confira alguns destaques da programa\u00e7\u00e3o do evento que movimenta a cidade hist\u00f3rica mineira entre os dias 6 a 10 de mar\u00e7o\" \/>\n<meta property=\"og:url\" content=\"https:\/\/tiradentes.net\/01\/foto-em-pauta-2024-confira-alguns-destaques-da-programacao\/\" \/>\n<meta property=\"og:site_name\" content=\"Tiradentes.Net: o portal de Tiradentes-MG e regi\u00e3o\" \/>\n<meta property=\"article:published_time\" content=\"2024-03-06T00:34:11+00:00\" \/>\n<meta property=\"article:modified_time\" content=\"2024-05-03T18:32:59+00:00\" \/>\n<meta property=\"og:image\" content=\"https:\/\/tiradentes.net\/01\/wp-content\/uploads\/2023\/03\/Festival_Fotografia2019_Foto_Nereu-Jr_.jpg\" \/>\n\t<meta property=\"og:image:width\" content=\"1000\" \/>\n\t<meta property=\"og:image:height\" content=\"665\" \/>\n\t<meta property=\"og:image:type\" content=\"image\/jpeg\" \/>\n<meta name=\"author\" content=\"admin\" \/>\n<meta name=\"twitter:card\" content=\"summary_large_image\" \/>\n<meta name=\"twitter:label1\" content=\"Escrito por\" \/>\n\t<meta name=\"twitter:data1\" content=\"admin\" \/>\n\t<meta name=\"twitter:label2\" content=\"Est. tempo de leitura\" \/>\n\t<meta name=\"twitter:data2\" content=\"4 minutos\" \/>\n<script type=\"application\/ld+json\" class=\"yoast-schema-graph\">{\"@context\":\"https:\/\/schema.org\",\"@graph\":[{\"@type\":\"Article\",\"@id\":\"https:\/\/tiradentes.net\/01\/foto-em-pauta-2024-confira-alguns-destaques-da-programacao\/#article\",\"isPartOf\":{\"@id\":\"https:\/\/tiradentes.net\/01\/foto-em-pauta-2024-confira-alguns-destaques-da-programacao\/\"},\"author\":{\"name\":\"admin\",\"@id\":\"https:\/\/tiradentes.net\/01\/#\/schema\/person\/5e0ac2c20f34e722f2f67b67107d8cc1\"},\"headline\":\"Foto em Pauta 2024: confira alguns destaques da programa\u00e7\u00e3o\",\"datePublished\":\"2024-03-06T00:34:11+00:00\",\"dateModified\":\"2024-05-03T18:32:59+00:00\",\"mainEntityOfPage\":{\"@id\":\"https:\/\/tiradentes.net\/01\/foto-em-pauta-2024-confira-alguns-destaques-da-programacao\/\"},\"wordCount\":617,\"commentCount\":0,\"publisher\":{\"@id\":\"https:\/\/tiradentes.net\/01\/#organization\"},\"articleSection\":[\"Uncategorized\"],\"inLanguage\":\"pt-BR\",\"potentialAction\":[{\"@type\":\"CommentAction\",\"name\":\"Comment\",\"target\":[\"https:\/\/tiradentes.net\/01\/foto-em-pauta-2024-confira-alguns-destaques-da-programacao\/#respond\"]}]},{\"@type\":\"WebPage\",\"@id\":\"https:\/\/tiradentes.net\/01\/foto-em-pauta-2024-confira-alguns-destaques-da-programacao\/\",\"url\":\"https:\/\/tiradentes.net\/01\/foto-em-pauta-2024-confira-alguns-destaques-da-programacao\/\",\"name\":\"Foto em Pauta 2024: confira alguns destaques da programa\u00e7\u00e3o Tiradentes.Net: o portal de Tiradentes-MG e regi\u00e3o\",\"isPartOf\":{\"@id\":\"https:\/\/tiradentes.net\/01\/#website\"},\"datePublished\":\"2024-03-06T00:34:11+00:00\",\"dateModified\":\"2024-05-03T18:32:59+00:00\",\"description\":\"Foto em Pauta 2024 : confira alguns destaques da programa\u00e7\u00e3o do evento que movimenta a cidade hist\u00f3rica mineira entre os dias 6 a 10 de mar\u00e7o\",\"breadcrumb\":{\"@id\":\"https:\/\/tiradentes.net\/01\/foto-em-pauta-2024-confira-alguns-destaques-da-programacao\/#breadcrumb\"},\"inLanguage\":\"pt-BR\",\"potentialAction\":[{\"@type\":\"ReadAction\",\"target\":[\"https:\/\/tiradentes.net\/01\/foto-em-pauta-2024-confira-alguns-destaques-da-programacao\/\"]}]},{\"@type\":\"BreadcrumbList\",\"@id\":\"https:\/\/tiradentes.net\/01\/foto-em-pauta-2024-confira-alguns-destaques-da-programacao\/#breadcrumb\",\"itemListElement\":[{\"@type\":\"ListItem\",\"position\":1,\"name\":\"In\u00edcio\",\"item\":\"https:\/\/tiradentes.net\/01\/\"},{\"@type\":\"ListItem\",\"position\":2,\"name\":\"Foto em Pauta 2024: confira alguns destaques da programa\u00e7\u00e3o\"}]},{\"@type\":\"WebSite\",\"@id\":\"https:\/\/tiradentes.net\/01\/#website\",\"url\":\"https:\/\/tiradentes.net\/01\/\",\"name\":\"Tiradentes.Net: o portal de Tiradentes-MG e regi\u00e3o\",\"description\":\"Tudo sobre Tiradentes-MG e regi\u00e3o. Not\u00edcias e informa\u00e7\u00f5es para planejar sua viagem: Hot\u00e9is e pousadas, restaurantes, atra\u00e7\u00f5es, com\u00e9rcio e servi\u00e7os relaicionados \u00e0 Tiradentes-MG e regi\u00e3o\",\"publisher\":{\"@id\":\"https:\/\/tiradentes.net\/01\/#organization\"},\"potentialAction\":[{\"@type\":\"SearchAction\",\"target\":{\"@type\":\"EntryPoint\",\"urlTemplate\":\"https:\/\/tiradentes.net\/01\/?s={search_term_string}\"},\"query-input\":\"required name=search_term_string\"}],\"inLanguage\":\"pt-BR\"},{\"@type\":\"Organization\",\"@id\":\"https:\/\/tiradentes.net\/01\/#organization\",\"name\":\"Tiradentes.Net: o portal de Tiradentes-MG e regi\u00e3o\",\"url\":\"https:\/\/tiradentes.net\/01\/\",\"sameAs\":[],\"logo\":{\"@type\":\"ImageObject\",\"inLanguage\":\"pt-BR\",\"@id\":\"https:\/\/tiradentes.net\/01\/#\/schema\/logo\/image\/\",\"url\":\"https:\/\/tiradentes.net\/01\/wp-content\/uploads\/2021\/01\/LOGO2.png\",\"contentUrl\":\"https:\/\/tiradentes.net\/01\/wp-content\/uploads\/2021\/01\/LOGO2.png\",\"width\":250,\"height\":185,\"caption\":\"Tiradentes.Net: o portal de Tiradentes-MG e regi\u00e3o\"},\"image\":{\"@id\":\"https:\/\/tiradentes.net\/01\/#\/schema\/logo\/image\/\"}},{\"@type\":\"Person\",\"@id\":\"https:\/\/tiradentes.net\/01\/#\/schema\/person\/5e0ac2c20f34e722f2f67b67107d8cc1\",\"name\":\"admin\",\"sameAs\":[\"http:\/\/tiradentes.net\/01\"],\"url\":\"https:\/\/tiradentes.net\/01\/profile\/admin\/\"}]}<\/script>\n<!-- \/ Yoast SEO plugin. -->","yoast_head_json":{"title":"Foto em Pauta 2024: confira alguns destaques da programa\u00e7\u00e3o Tiradentes.Net: o portal de Tiradentes-MG e regi\u00e3o","description":"Foto em Pauta 2024 : confira alguns destaques da programa\u00e7\u00e3o do evento que movimenta a cidade hist\u00f3rica mineira entre os dias 6 a 10 de mar\u00e7o","robots":{"index":"index","follow":"follow","max-snippet":"max-snippet:-1","max-image-preview":"max-image-preview:large","max-video-preview":"max-video-preview:-1"},"canonical":"https:\/\/tiradentes.net\/01\/foto-em-pauta-2024-confira-alguns-destaques-da-programacao\/","og_locale":"pt_BR","og_type":"article","og_title":"Foto em Pauta 2024: confira alguns destaques da programa\u00e7\u00e3o Tiradentes.Net: o portal de Tiradentes-MG e regi\u00e3o","og_description":"Foto em Pauta 2024 : confira alguns destaques da programa\u00e7\u00e3o do evento que movimenta a cidade hist\u00f3rica mineira entre os dias 6 a 10 de mar\u00e7o","og_url":"https:\/\/tiradentes.net\/01\/foto-em-pauta-2024-confira-alguns-destaques-da-programacao\/","og_site_name":"Tiradentes.Net: o portal de Tiradentes-MG e regi\u00e3o","article_published_time":"2024-03-06T00:34:11+00:00","article_modified_time":"2024-05-03T18:32:59+00:00","og_image":[{"width":1000,"height":665,"url":"https:\/\/tiradentes.net\/01\/wp-content\/uploads\/2023\/03\/Festival_Fotografia2019_Foto_Nereu-Jr_.jpg","type":"image\/jpeg"}],"author":"admin","twitter_card":"summary_large_image","twitter_misc":{"Escrito por":"admin","Est. tempo de leitura":"4 minutos"},"schema":{"@context":"https:\/\/schema.org","@graph":[{"@type":"Article","@id":"https:\/\/tiradentes.net\/01\/foto-em-pauta-2024-confira-alguns-destaques-da-programacao\/#article","isPartOf":{"@id":"https:\/\/tiradentes.net\/01\/foto-em-pauta-2024-confira-alguns-destaques-da-programacao\/"},"author":{"name":"admin","@id":"https:\/\/tiradentes.net\/01\/#\/schema\/person\/5e0ac2c20f34e722f2f67b67107d8cc1"},"headline":"Foto em Pauta 2024: confira alguns destaques da programa\u00e7\u00e3o","datePublished":"2024-03-06T00:34:11+00:00","dateModified":"2024-05-03T18:32:59+00:00","mainEntityOfPage":{"@id":"https:\/\/tiradentes.net\/01\/foto-em-pauta-2024-confira-alguns-destaques-da-programacao\/"},"wordCount":617,"commentCount":0,"publisher":{"@id":"https:\/\/tiradentes.net\/01\/#organization"},"articleSection":["Uncategorized"],"inLanguage":"pt-BR","potentialAction":[{"@type":"CommentAction","name":"Comment","target":["https:\/\/tiradentes.net\/01\/foto-em-pauta-2024-confira-alguns-destaques-da-programacao\/#respond"]}]},{"@type":"WebPage","@id":"https:\/\/tiradentes.net\/01\/foto-em-pauta-2024-confira-alguns-destaques-da-programacao\/","url":"https:\/\/tiradentes.net\/01\/foto-em-pauta-2024-confira-alguns-destaques-da-programacao\/","name":"Foto em Pauta 2024: confira alguns destaques da programa\u00e7\u00e3o Tiradentes.Net: o portal de Tiradentes-MG e regi\u00e3o","isPartOf":{"@id":"https:\/\/tiradentes.net\/01\/#website"},"datePublished":"2024-03-06T00:34:11+00:00","dateModified":"2024-05-03T18:32:59+00:00","description":"Foto em Pauta 2024 : confira alguns destaques da programa\u00e7\u00e3o do evento que movimenta a cidade hist\u00f3rica mineira entre os dias 6 a 10 de mar\u00e7o","breadcrumb":{"@id":"https:\/\/tiradentes.net\/01\/foto-em-pauta-2024-confira-alguns-destaques-da-programacao\/#breadcrumb"},"inLanguage":"pt-BR","potentialAction":[{"@type":"ReadAction","target":["https:\/\/tiradentes.net\/01\/foto-em-pauta-2024-confira-alguns-destaques-da-programacao\/"]}]},{"@type":"BreadcrumbList","@id":"https:\/\/tiradentes.net\/01\/foto-em-pauta-2024-confira-alguns-destaques-da-programacao\/#breadcrumb","itemListElement":[{"@type":"ListItem","position":1,"name":"In\u00edcio","item":"https:\/\/tiradentes.net\/01\/"},{"@type":"ListItem","position":2,"name":"Foto em Pauta 2024: confira alguns destaques da programa\u00e7\u00e3o"}]},{"@type":"WebSite","@id":"https:\/\/tiradentes.net\/01\/#website","url":"https:\/\/tiradentes.net\/01\/","name":"Tiradentes.Net: o portal de Tiradentes-MG e regi\u00e3o","description":"Tudo sobre Tiradentes-MG e regi\u00e3o. Not\u00edcias e informa\u00e7\u00f5es para planejar sua viagem: Hot\u00e9is e pousadas, restaurantes, atra\u00e7\u00f5es, com\u00e9rcio e servi\u00e7os relaicionados \u00e0 Tiradentes-MG e regi\u00e3o","publisher":{"@id":"https:\/\/tiradentes.net\/01\/#organization"},"potentialAction":[{"@type":"SearchAction","target":{"@type":"EntryPoint","urlTemplate":"https:\/\/tiradentes.net\/01\/?s={search_term_string}"},"query-input":"required name=search_term_string"}],"inLanguage":"pt-BR"},{"@type":"Organization","@id":"https:\/\/tiradentes.net\/01\/#organization","name":"Tiradentes.Net: o portal de Tiradentes-MG e regi\u00e3o","url":"https:\/\/tiradentes.net\/01\/","sameAs":[],"logo":{"@type":"ImageObject","inLanguage":"pt-BR","@id":"https:\/\/tiradentes.net\/01\/#\/schema\/logo\/image\/","url":"https:\/\/tiradentes.net\/01\/wp-content\/uploads\/2021\/01\/LOGO2.png","contentUrl":"https:\/\/tiradentes.net\/01\/wp-content\/uploads\/2021\/01\/LOGO2.png","width":250,"height":185,"caption":"Tiradentes.Net: o portal de Tiradentes-MG e regi\u00e3o"},"image":{"@id":"https:\/\/tiradentes.net\/01\/#\/schema\/logo\/image\/"}},{"@type":"Person","@id":"https:\/\/tiradentes.net\/01\/#\/schema\/person\/5e0ac2c20f34e722f2f67b67107d8cc1","name":"admin","sameAs":["http:\/\/tiradentes.net\/01"],"url":"https:\/\/tiradentes.net\/01\/profile\/admin\/"}]}},"_links":{"self":[{"href":"https:\/\/tiradentes.net\/01\/wp-json\/wp\/v2\/posts\/2263"}],"collection":[{"href":"https:\/\/tiradentes.net\/01\/wp-json\/wp\/v2\/posts"}],"about":[{"href":"https:\/\/tiradentes.net\/01\/wp-json\/wp\/v2\/types\/post"}],"author":[{"embeddable":true,"href":"https:\/\/tiradentes.net\/01\/wp-json\/wp\/v2\/users\/1"}],"replies":[{"embeddable":true,"href":"https:\/\/tiradentes.net\/01\/wp-json\/wp\/v2\/comments?post=2263"}],"version-history":[{"count":0,"href":"https:\/\/tiradentes.net\/01\/wp-json\/wp\/v2\/posts\/2263\/revisions"}],"wp:featuredmedia":[{"embeddable":true,"href":"https:\/\/tiradentes.net\/01\/wp-json\/wp\/v2\/media\/2079"}],"wp:attachment":[{"href":"https:\/\/tiradentes.net\/01\/wp-json\/wp\/v2\/media?parent=2263"}],"wp:term":[{"taxonomy":"category","embeddable":true,"href":"https:\/\/tiradentes.net\/01\/wp-json\/wp\/v2\/categories?post=2263"},{"taxonomy":"post_tag","embeddable":true,"href":"https:\/\/tiradentes.net\/01\/wp-json\/wp\/v2\/tags?post=2263"},{"taxonomy":"table_tags","embeddable":true,"href":"https:\/\/tiradentes.net\/01\/wp-json\/wp\/v2\/table_tags?post=2263"}],"curies":[{"name":"wp","href":"https:\/\/api.w.org\/{rel}","templated":true}]}}