{"id":2333,"date":"2025-09-10T14:03:21","date_gmt":"2025-09-10T17:03:21","guid":{"rendered":"https:\/\/tiradentes.net\/01\/?p=2333"},"modified":"2025-10-04T16:03:02","modified_gmt":"2025-10-04T19:03:02","slug":"festival-artes-vertentes-tiradentes-2025","status":"publish","type":"post","link":"https:\/\/tiradentes.net\/01\/festival-artes-vertentes-tiradentes-2025\/","title":{"rendered":"Festival Artes Vertentes Tiradentes 2025"},"content":{"rendered":"<p class=\"font_8 wixui-rich-text__text\">A 14\u00aa edi\u00e7\u00e3o do Festival Artes Vertentes teve como tema &#8220;<span class=\"wixui-rich-text__text\">Entre as duas margens do Atl\u00e2ntico&#8221;, de 11 a 21 de setembro<\/span>. Por meios das diversas linguagens art\u00edsticas que tradicionalmente integram o festival, a ideia foi estabelecer um di\u00e1logo marcado pela transversalidade e pluralidade entre as produ\u00e7\u00f5es contempor\u00e2neas brasileira, francesa, africana e antilhana. E dessa forma criar pontes entre as mem\u00f3rias coletivas e individuais de tr\u00eas territ\u00f3rios intimamente ligados pela hist\u00f3ria e pela cultura: a Am\u00e9rica, a Fran\u00e7a e a \u00c1frica, promovendo uma compreens\u00e3o mais profunda sobre as diferen\u00e7as e semelhan\u00e7as que os unem.<\/p>\n<p><strong><img loading=\"lazy\" class=\"alignnone size-full wp-image-2468\" src=\"https:\/\/tiradentes.net\/01\/wp-content\/uploads\/2024\/02\/ates-veretentes-2025.jpg\" alt=\"\" width=\"1242\" height=\"312\" srcset=\"https:\/\/tiradentes.net\/01\/wp-content\/uploads\/2024\/02\/ates-veretentes-2025.jpg 1242w, https:\/\/tiradentes.net\/01\/wp-content\/uploads\/2024\/02\/ates-veretentes-2025-300x75.jpg 300w, https:\/\/tiradentes.net\/01\/wp-content\/uploads\/2024\/02\/ates-veretentes-2025-1024x257.jpg 1024w, https:\/\/tiradentes.net\/01\/wp-content\/uploads\/2024\/02\/ates-veretentes-2025-768x193.jpg 768w\" sizes=\"(max-width: 1242px) 100vw, 1242px\" \/><br \/>\nPrograma\u00e7\u00e3o<\/strong><\/p>\n<p class=\"font_8 wixui-rich-text__text\">A 14\u00aa edi\u00e7\u00e3o do Artes Vertentes apresentou durante os 11 dias de festival uma intensa programa\u00e7\u00e3o, que conectou 50 atividades, desconstruindo as paredes que uma l\u00f3gica segmentadora tenta em v\u00e3o erigir entre as artes visuais, a m\u00fasica, a literatura, as artes c\u00eanicas e o cinema.<\/p>\n<p><strong>Um breve hist\u00f3rico<\/strong><\/p>\n<p>Em suas 13 edi\u00e7\u00f5es, mais de 500 artistas de 40 pa\u00edses diferentes ajudaram a construir a hist\u00f3ria do Festival Artes Vertentes \u2014 Festival Internacional de Artes de Tiradentes \u2014, hoje consolidado e reconhecido como um dos mais importantes festivais de artes do pa\u00eds.<\/p>\n<section id=\"comp-loh64wic2\" class=\"Oqnisf comp-loh64wic2 wixui-section\" tabindex=\"-1\" data-block-level-container=\"ClassicSection\">\n<div class=\"\" data-mesh-id=\"comp-loh64wic2inlineContent\" data-testid=\"inline-content\">\n<div data-mesh-id=\"comp-loh64wic2inlineContent-gridContainer\" data-testid=\"mesh-container-content\">\n<div id=\"comp-ju0jij2r\" class=\"Z_l5lU ku3DBC zQ9jDz qvSjx3 Vq6kJx comp-ju0jij2r wixui-rich-text\" data-testid=\"richTextElement\">\n<p class=\"font_8 wixui-rich-text__text\">Desde a sua cria\u00e7\u00e3o em 2012, o Artes Vertentes deixou de ser apenas um festival que durante onze dias apresenta uma intensa programa\u00e7\u00e3o art\u00edstica nas suas diversas linguagens para se transformar numa \u201cocupa\u00e7\u00e3o\u201d cont\u00ednua da cidade. Por meio de impulsos art\u00edsticos perenes, seja atrav\u00e9s de resid\u00eancias com artistas de diversas partes do mundo ou da A\u00e7\u00e3o Cultural Artes Vertentes, que\u00a0 proporciona uma inicia\u00e7\u00e3o no universo da arte para a popula\u00e7\u00e3o infanto-juvenil de Tiradentes.<\/p>\n<\/div>\n<\/div>\n<\/div>\n<\/section>\n<section id=\"comp-loh64wic3\" class=\"Oqnisf comp-loh64wic3 wixui-section\" tabindex=\"-1\" data-block-level-container=\"ClassicSection\">\n<div id=\"bgLayers_comp-loh64wic3\" class=\"MW5IWV\" data-hook=\"bgLayers\" data-motion-part=\"BG_LAYER comp-loh64wic3\"><\/div>\n<\/section>\n<p>&nbsp;<\/p>\n<p>&nbsp;<\/p>\n<div class=\"post-thumb\"><\/div>\n<div><\/div>\n<div><\/div>\n<div><\/div>\n<div>\n<p>&nbsp;<\/p>\n<\/div>\n","protected":false},"excerpt":{"rendered":"<p>A 14\u00aa edi\u00e7\u00e3o do Festival Artes Vertentes teve como tema &#8220;Entre as duas margens do Atl\u00e2ntico&#8221;, de 11 a 21 de setembro. Por meios das diversas linguagens art\u00edsticas que tradicionalmente integram o festival, a ideia foi estabelecer um di\u00e1logo marcado pela transversalidade e pluralidade entre as produ\u00e7\u00f5es contempor\u00e2neas brasileira, francesa,<\/p>\n","protected":false},"author":1,"featured_media":2469,"comment_status":"open","ping_status":"open","sticky":false,"template":"","format":"standard","meta":{"_mi_skip_tracking":false},"categories":[1],"tags":[],"table_tags":[],"yoast_head":"<!-- This site is optimized with the Yoast SEO plugin v19.6.1 - https:\/\/yoast.com\/wordpress\/plugins\/seo\/ -->\n<title>Festival Artes Vertentes Tiradentes 2025 - Tiradentes.Net: o portal de Tiradentes-MG e regi\u00e3o<\/title>\n<meta name=\"description\" content=\"Entre 11 e 21\/09, o 14\u00aa Artes Vertentes apresenta 11 dias de intensa programa\u00e7\u00e3o, unindo a m\u00fasica, a literatura, as artes c\u00eanicas e o cinema.\u00a0\" \/>\n<meta name=\"robots\" content=\"index, follow, max-snippet:-1, max-image-preview:large, max-video-preview:-1\" \/>\n<link rel=\"canonical\" href=\"https:\/\/tiradentes.net\/01\/festival-artes-vertentes-tiradentes-2025\/\" \/>\n<meta property=\"og:locale\" content=\"pt_BR\" \/>\n<meta property=\"og:type\" content=\"article\" \/>\n<meta property=\"og:title\" content=\"Festival Artes Vertentes Tiradentes 2025 - Tiradentes.Net: o portal de Tiradentes-MG e regi\u00e3o\" \/>\n<meta property=\"og:description\" content=\"Entre 11 e 21\/09, o 14\u00aa Artes Vertentes apresenta 11 dias de intensa programa\u00e7\u00e3o, unindo a m\u00fasica, a literatura, as artes c\u00eanicas e o cinema.\u00a0\" \/>\n<meta property=\"og:url\" content=\"https:\/\/tiradentes.net\/01\/festival-artes-vertentes-tiradentes-2025\/\" \/>\n<meta property=\"og:site_name\" content=\"Tiradentes.Net: o portal de Tiradentes-MG e regi\u00e3o\" \/>\n<meta property=\"article:published_time\" content=\"2025-09-10T17:03:21+00:00\" \/>\n<meta property=\"article:modified_time\" content=\"2025-10-04T19:03:02+00:00\" \/>\n<meta property=\"og:image\" content=\"https:\/\/tiradentes.net\/01\/wp-content\/uploads\/2025\/09\/ates-veretentes-2025-2.jpg\" \/>\n\t<meta property=\"og:image:width\" content=\"646\" \/>\n\t<meta property=\"og:image:height\" content=\"376\" \/>\n\t<meta property=\"og:image:type\" content=\"image\/jpeg\" \/>\n<meta name=\"author\" content=\"admin\" \/>\n<meta name=\"twitter:card\" content=\"summary_large_image\" \/>\n<meta name=\"twitter:label1\" content=\"Escrito por\" \/>\n\t<meta name=\"twitter:data1\" content=\"admin\" \/>\n\t<meta name=\"twitter:label2\" content=\"Est. tempo de leitura\" \/>\n\t<meta name=\"twitter:data2\" content=\"2 minutos\" \/>\n<script type=\"application\/ld+json\" class=\"yoast-schema-graph\">{\"@context\":\"https:\/\/schema.org\",\"@graph\":[{\"@type\":\"Article\",\"@id\":\"https:\/\/tiradentes.net\/01\/festival-artes-vertentes-tiradentes-2025\/#article\",\"isPartOf\":{\"@id\":\"https:\/\/tiradentes.net\/01\/festival-artes-vertentes-tiradentes-2025\/\"},\"author\":{\"name\":\"admin\",\"@id\":\"https:\/\/tiradentes.net\/01\/#\/schema\/person\/5e0ac2c20f34e722f2f67b67107d8cc1\"},\"headline\":\"Festival Artes Vertentes Tiradentes 2025\",\"datePublished\":\"2025-09-10T17:03:21+00:00\",\"dateModified\":\"2025-10-04T19:03:02+00:00\",\"mainEntityOfPage\":{\"@id\":\"https:\/\/tiradentes.net\/01\/festival-artes-vertentes-tiradentes-2025\/\"},\"wordCount\":292,\"commentCount\":0,\"publisher\":{\"@id\":\"https:\/\/tiradentes.net\/01\/#organization\"},\"articleSection\":[\"Uncategorized\"],\"inLanguage\":\"pt-BR\",\"potentialAction\":[{\"@type\":\"CommentAction\",\"name\":\"Comment\",\"target\":[\"https:\/\/tiradentes.net\/01\/festival-artes-vertentes-tiradentes-2025\/#respond\"]}]},{\"@type\":\"WebPage\",\"@id\":\"https:\/\/tiradentes.net\/01\/festival-artes-vertentes-tiradentes-2025\/\",\"url\":\"https:\/\/tiradentes.net\/01\/festival-artes-vertentes-tiradentes-2025\/\",\"name\":\"Festival Artes Vertentes Tiradentes 2025 - Tiradentes.Net: o portal de Tiradentes-MG e regi\u00e3o\",\"isPartOf\":{\"@id\":\"https:\/\/tiradentes.net\/01\/#website\"},\"datePublished\":\"2025-09-10T17:03:21+00:00\",\"dateModified\":\"2025-10-04T19:03:02+00:00\",\"description\":\"Entre 11 e 21\/09, o 14\u00aa Artes Vertentes apresenta 11 dias de intensa programa\u00e7\u00e3o, unindo a m\u00fasica, a literatura, as artes c\u00eanicas e o cinema.\u00a0\",\"breadcrumb\":{\"@id\":\"https:\/\/tiradentes.net\/01\/festival-artes-vertentes-tiradentes-2025\/#breadcrumb\"},\"inLanguage\":\"pt-BR\",\"potentialAction\":[{\"@type\":\"ReadAction\",\"target\":[\"https:\/\/tiradentes.net\/01\/festival-artes-vertentes-tiradentes-2025\/\"]}]},{\"@type\":\"BreadcrumbList\",\"@id\":\"https:\/\/tiradentes.net\/01\/festival-artes-vertentes-tiradentes-2025\/#breadcrumb\",\"itemListElement\":[{\"@type\":\"ListItem\",\"position\":1,\"name\":\"In\u00edcio\",\"item\":\"https:\/\/tiradentes.net\/01\/\"},{\"@type\":\"ListItem\",\"position\":2,\"name\":\"Festival Artes Vertentes Tiradentes 2025\"}]},{\"@type\":\"WebSite\",\"@id\":\"https:\/\/tiradentes.net\/01\/#website\",\"url\":\"https:\/\/tiradentes.net\/01\/\",\"name\":\"Tiradentes.Net: o portal de Tiradentes-MG e regi\u00e3o\",\"description\":\"Tudo sobre Tiradentes-MG e regi\u00e3o. Not\u00edcias e informa\u00e7\u00f5es para planejar sua viagem: Hot\u00e9is e pousadas, restaurantes, atra\u00e7\u00f5es, com\u00e9rcio e servi\u00e7os relaicionados \u00e0 Tiradentes-MG e regi\u00e3o\",\"publisher\":{\"@id\":\"https:\/\/tiradentes.net\/01\/#organization\"},\"potentialAction\":[{\"@type\":\"SearchAction\",\"target\":{\"@type\":\"EntryPoint\",\"urlTemplate\":\"https:\/\/tiradentes.net\/01\/?s={search_term_string}\"},\"query-input\":\"required name=search_term_string\"}],\"inLanguage\":\"pt-BR\"},{\"@type\":\"Organization\",\"@id\":\"https:\/\/tiradentes.net\/01\/#organization\",\"name\":\"Tiradentes.Net: o portal de Tiradentes-MG e regi\u00e3o\",\"url\":\"https:\/\/tiradentes.net\/01\/\",\"sameAs\":[],\"logo\":{\"@type\":\"ImageObject\",\"inLanguage\":\"pt-BR\",\"@id\":\"https:\/\/tiradentes.net\/01\/#\/schema\/logo\/image\/\",\"url\":\"https:\/\/tiradentes.net\/01\/wp-content\/uploads\/2021\/01\/LOGO2.png\",\"contentUrl\":\"https:\/\/tiradentes.net\/01\/wp-content\/uploads\/2021\/01\/LOGO2.png\",\"width\":250,\"height\":185,\"caption\":\"Tiradentes.Net: o portal de Tiradentes-MG e regi\u00e3o\"},\"image\":{\"@id\":\"https:\/\/tiradentes.net\/01\/#\/schema\/logo\/image\/\"}},{\"@type\":\"Person\",\"@id\":\"https:\/\/tiradentes.net\/01\/#\/schema\/person\/5e0ac2c20f34e722f2f67b67107d8cc1\",\"name\":\"admin\",\"sameAs\":[\"http:\/\/tiradentes.net\/01\"],\"url\":\"https:\/\/tiradentes.net\/01\/profile\/admin\/\"}]}<\/script>\n<!-- \/ Yoast SEO plugin. -->","yoast_head_json":{"title":"Festival Artes Vertentes Tiradentes 2025 - Tiradentes.Net: o portal de Tiradentes-MG e regi\u00e3o","description":"Entre 11 e 21\/09, o 14\u00aa Artes Vertentes apresenta 11 dias de intensa programa\u00e7\u00e3o, unindo a m\u00fasica, a literatura, as artes c\u00eanicas e o cinema.\u00a0","robots":{"index":"index","follow":"follow","max-snippet":"max-snippet:-1","max-image-preview":"max-image-preview:large","max-video-preview":"max-video-preview:-1"},"canonical":"https:\/\/tiradentes.net\/01\/festival-artes-vertentes-tiradentes-2025\/","og_locale":"pt_BR","og_type":"article","og_title":"Festival Artes Vertentes Tiradentes 2025 - Tiradentes.Net: o portal de Tiradentes-MG e regi\u00e3o","og_description":"Entre 11 e 21\/09, o 14\u00aa Artes Vertentes apresenta 11 dias de intensa programa\u00e7\u00e3o, unindo a m\u00fasica, a literatura, as artes c\u00eanicas e o cinema.\u00a0","og_url":"https:\/\/tiradentes.net\/01\/festival-artes-vertentes-tiradentes-2025\/","og_site_name":"Tiradentes.Net: o portal de Tiradentes-MG e regi\u00e3o","article_published_time":"2025-09-10T17:03:21+00:00","article_modified_time":"2025-10-04T19:03:02+00:00","og_image":[{"width":646,"height":376,"url":"https:\/\/tiradentes.net\/01\/wp-content\/uploads\/2025\/09\/ates-veretentes-2025-2.jpg","type":"image\/jpeg"}],"author":"admin","twitter_card":"summary_large_image","twitter_misc":{"Escrito por":"admin","Est. tempo de leitura":"2 minutos"},"schema":{"@context":"https:\/\/schema.org","@graph":[{"@type":"Article","@id":"https:\/\/tiradentes.net\/01\/festival-artes-vertentes-tiradentes-2025\/#article","isPartOf":{"@id":"https:\/\/tiradentes.net\/01\/festival-artes-vertentes-tiradentes-2025\/"},"author":{"name":"admin","@id":"https:\/\/tiradentes.net\/01\/#\/schema\/person\/5e0ac2c20f34e722f2f67b67107d8cc1"},"headline":"Festival Artes Vertentes Tiradentes 2025","datePublished":"2025-09-10T17:03:21+00:00","dateModified":"2025-10-04T19:03:02+00:00","mainEntityOfPage":{"@id":"https:\/\/tiradentes.net\/01\/festival-artes-vertentes-tiradentes-2025\/"},"wordCount":292,"commentCount":0,"publisher":{"@id":"https:\/\/tiradentes.net\/01\/#organization"},"articleSection":["Uncategorized"],"inLanguage":"pt-BR","potentialAction":[{"@type":"CommentAction","name":"Comment","target":["https:\/\/tiradentes.net\/01\/festival-artes-vertentes-tiradentes-2025\/#respond"]}]},{"@type":"WebPage","@id":"https:\/\/tiradentes.net\/01\/festival-artes-vertentes-tiradentes-2025\/","url":"https:\/\/tiradentes.net\/01\/festival-artes-vertentes-tiradentes-2025\/","name":"Festival Artes Vertentes Tiradentes 2025 - Tiradentes.Net: o portal de Tiradentes-MG e regi\u00e3o","isPartOf":{"@id":"https:\/\/tiradentes.net\/01\/#website"},"datePublished":"2025-09-10T17:03:21+00:00","dateModified":"2025-10-04T19:03:02+00:00","description":"Entre 11 e 21\/09, o 14\u00aa Artes Vertentes apresenta 11 dias de intensa programa\u00e7\u00e3o, unindo a m\u00fasica, a literatura, as artes c\u00eanicas e o cinema.\u00a0","breadcrumb":{"@id":"https:\/\/tiradentes.net\/01\/festival-artes-vertentes-tiradentes-2025\/#breadcrumb"},"inLanguage":"pt-BR","potentialAction":[{"@type":"ReadAction","target":["https:\/\/tiradentes.net\/01\/festival-artes-vertentes-tiradentes-2025\/"]}]},{"@type":"BreadcrumbList","@id":"https:\/\/tiradentes.net\/01\/festival-artes-vertentes-tiradentes-2025\/#breadcrumb","itemListElement":[{"@type":"ListItem","position":1,"name":"In\u00edcio","item":"https:\/\/tiradentes.net\/01\/"},{"@type":"ListItem","position":2,"name":"Festival Artes Vertentes Tiradentes 2025"}]},{"@type":"WebSite","@id":"https:\/\/tiradentes.net\/01\/#website","url":"https:\/\/tiradentes.net\/01\/","name":"Tiradentes.Net: o portal de Tiradentes-MG e regi\u00e3o","description":"Tudo sobre Tiradentes-MG e regi\u00e3o. Not\u00edcias e informa\u00e7\u00f5es para planejar sua viagem: Hot\u00e9is e pousadas, restaurantes, atra\u00e7\u00f5es, com\u00e9rcio e servi\u00e7os relaicionados \u00e0 Tiradentes-MG e regi\u00e3o","publisher":{"@id":"https:\/\/tiradentes.net\/01\/#organization"},"potentialAction":[{"@type":"SearchAction","target":{"@type":"EntryPoint","urlTemplate":"https:\/\/tiradentes.net\/01\/?s={search_term_string}"},"query-input":"required name=search_term_string"}],"inLanguage":"pt-BR"},{"@type":"Organization","@id":"https:\/\/tiradentes.net\/01\/#organization","name":"Tiradentes.Net: o portal de Tiradentes-MG e regi\u00e3o","url":"https:\/\/tiradentes.net\/01\/","sameAs":[],"logo":{"@type":"ImageObject","inLanguage":"pt-BR","@id":"https:\/\/tiradentes.net\/01\/#\/schema\/logo\/image\/","url":"https:\/\/tiradentes.net\/01\/wp-content\/uploads\/2021\/01\/LOGO2.png","contentUrl":"https:\/\/tiradentes.net\/01\/wp-content\/uploads\/2021\/01\/LOGO2.png","width":250,"height":185,"caption":"Tiradentes.Net: o portal de Tiradentes-MG e regi\u00e3o"},"image":{"@id":"https:\/\/tiradentes.net\/01\/#\/schema\/logo\/image\/"}},{"@type":"Person","@id":"https:\/\/tiradentes.net\/01\/#\/schema\/person\/5e0ac2c20f34e722f2f67b67107d8cc1","name":"admin","sameAs":["http:\/\/tiradentes.net\/01"],"url":"https:\/\/tiradentes.net\/01\/profile\/admin\/"}]}},"_links":{"self":[{"href":"https:\/\/tiradentes.net\/01\/wp-json\/wp\/v2\/posts\/2333"}],"collection":[{"href":"https:\/\/tiradentes.net\/01\/wp-json\/wp\/v2\/posts"}],"about":[{"href":"https:\/\/tiradentes.net\/01\/wp-json\/wp\/v2\/types\/post"}],"author":[{"embeddable":true,"href":"https:\/\/tiradentes.net\/01\/wp-json\/wp\/v2\/users\/1"}],"replies":[{"embeddable":true,"href":"https:\/\/tiradentes.net\/01\/wp-json\/wp\/v2\/comments?post=2333"}],"version-history":[{"count":0,"href":"https:\/\/tiradentes.net\/01\/wp-json\/wp\/v2\/posts\/2333\/revisions"}],"wp:featuredmedia":[{"embeddable":true,"href":"https:\/\/tiradentes.net\/01\/wp-json\/wp\/v2\/media\/2469"}],"wp:attachment":[{"href":"https:\/\/tiradentes.net\/01\/wp-json\/wp\/v2\/media?parent=2333"}],"wp:term":[{"taxonomy":"category","embeddable":true,"href":"https:\/\/tiradentes.net\/01\/wp-json\/wp\/v2\/categories?post=2333"},{"taxonomy":"post_tag","embeddable":true,"href":"https:\/\/tiradentes.net\/01\/wp-json\/wp\/v2\/tags?post=2333"},{"taxonomy":"table_tags","embeddable":true,"href":"https:\/\/tiradentes.net\/01\/wp-json\/wp\/v2\/table_tags?post=2333"}],"curies":[{"name":"wp","href":"https:\/\/api.w.org\/{rel}","templated":true}]}}