{"id":2388,"date":"2025-02-23T12:36:36","date_gmt":"2025-02-23T15:36:36","guid":{"rendered":"https:\/\/tiradentes.net\/01\/?p=2388"},"modified":"2025-04-01T15:45:08","modified_gmt":"2025-04-01T18:45:08","slug":"carnaval-tiradentes-mg-2025-confira-a-programacao","status":"publish","type":"post","link":"https:\/\/tiradentes.net\/01\/carnaval-tiradentes-mg-2025-confira-a-programacao\/","title":{"rendered":"Carnaval Tiradentes-MG 2025"},"content":{"rendered":"<p>Conhecida por seu charme hist\u00f3rico, arquitetura colonial e atmosfera acolhedora, Tiradentes \u00e9 um destino encantador para quem busca um Carnaval tranquilo, mas repleto de cultura e beleza. A cidade, que respira hist\u00f3ria e tradi\u00e7\u00e3o, oferece uma experi\u00eancia \u00fanica, longe da agita\u00e7\u00e3o dos grandes centros urbanos, mas com muita m\u00fasica, gastronomia e folia.<\/p>\n<p><strong>Programa\u00e7\u00e3o 2025<\/strong><br \/>\n<img loading=\"lazy\" class=\"size-full wp-image-2389 alignright\" src=\"https:\/\/tiradentes.net\/01\/wp-content\/uploads\/2025\/02\/carnaval-14.jpg\" alt=\"\" width=\"400\" height=\"300\" srcset=\"https:\/\/tiradentes.net\/01\/wp-content\/uploads\/2025\/02\/carnaval-14.jpg 400w, https:\/\/tiradentes.net\/01\/wp-content\/uploads\/2025\/02\/carnaval-14-300x225.jpg 300w\" sizes=\"(max-width: 400px) 100vw, 400px\" \/>A programa\u00e7\u00e3o oficial do Carnaval 2025 de Tiradentes come\u00e7a no dia 27 de fevereiro e segue at\u00e9 4 de mar\u00e7o.<\/p>\n<p>Al\u00e9m dos v\u00e1rios blocos e dj\u2019s, haver\u00e1 shows com artistas regionais e nacionais, e descentraliza\u00e7\u00e3o da festa com tr\u00eas pontos homenageando tiradentinos: Joaquim da Sinh\u00e1 (Largo das Forras), Leonor Gomes (Largo das Merc\u00eas) e Palco dos Foli\u00f5es (Largo da Rodovi\u00e1ria).<\/p>\n<p><strong>Confira alguns destaques:<\/strong><\/p>\n<p><span style=\"text-decoration: underline;\"><strong>Quinta feira (27\/02)<\/strong><\/span><br \/>\nShow do Quinteto Brav\u00edssimo de S\u00e3o Jo\u00e3o del-Rei, \u00e0s 21h, no Largo das Forras.<\/p>\n<p><span style=\"text-decoration: underline;\"><strong>Sexta feira (28\/02)<\/strong><\/span><br \/>\nNa sexta feira, tamb\u00e9m no Largo das Forras, destaque para o show da cantora Mart\u2019n\u00e1lia, \u00e0s 19h.<\/p>\n<p><span style=\"text-decoration: underline;\"><strong>S\u00e1bado (01\/03)<\/strong><\/span><br \/>\nNo primeiro dia de mar\u00e7o, s\u00e1bado, durante todo o dia haver\u00e1 shows e v\u00e1rios blocos desfilando pelas ruas da cidade. J\u00e1 \u00e0s 20h30, no Largo das Forras, tem show da cantora Sandra de S\u00e1.<\/p>\n<p><span style=\"text-decoration: underline;\"><strong>Domingo (02\/03)<br \/>\n<\/strong><\/span>A folia segue no dia 2, domingo, com shows de Uai Samba (14h) e Bartucada de Diamantina (19h), no Largo das Forras, al\u00e9m do tradicional bloco Amor &amp; Cana, \u00e0s 20h, em frente \u00e0 igreja do Canjica.<\/p>\n<p><span style=\"text-decoration: underline;\"><strong>Segunda feira (03\/03)<br \/>\n<\/strong><\/span>Segunda-feira, 3, um dia recheado de atra\u00e7\u00f5es, entre elas os blocos <strong>Palha\u00e7ada<\/strong> (infantil), \u00e0s 15h, no Largo das Merc\u00eas e o irreverente <strong>Beat\u00f5es da Sant\u00edssima<\/strong>, \u00e0s 19h, saindo do Emp\u00f3rio V\u00f3 Alice.<\/p>\n<p><span style=\"text-decoration: underline;\"><strong>Ter\u00e7a feira (02\/03)<br \/>\n<\/strong><\/span>No \u00faltimo dia de Momo, destaque para a programa\u00e7\u00e3o noturna com o Bloco <strong>Roma foi Pouco<\/strong>, \u00e0s 21h, nos Quatro Cantos; 23h30, Largo da Rodovi\u00e1ria, show com <strong>Jo\u00e3o Miguel e Samba de Amigos<\/strong>; e \u00e0s 2h, Bloco <strong>Gourmet da Madrugada<\/strong>, no Largo do Ros\u00e1rio.<\/p>\n<p>De s\u00e1bado a ter\u00e7a, \u00e0s 11h da manh\u00e3, a crian\u00e7ada vai curtir atra\u00e7\u00f5es circenses no Largo das Merc\u00eas.<\/p>\n<p>A programa\u00e7\u00e3o completa est\u00e1 no perfil do Instagram @prefeituratiradentes.<\/p>\n","protected":false},"excerpt":{"rendered":"<p>Conhecida por seu charme hist\u00f3rico, arquitetura colonial e atmosfera acolhedora, Tiradentes \u00e9 um destino encantador para quem busca um Carnaval tranquilo, mas repleto de cultura e beleza. A cidade, que respira hist\u00f3ria e tradi\u00e7\u00e3o, oferece uma experi\u00eancia \u00fanica, longe da agita\u00e7\u00e3o dos grandes centros urbanos, mas com muita m\u00fasica, gastronomia<\/p>\n","protected":false},"author":1,"featured_media":2069,"comment_status":"open","ping_status":"open","sticky":false,"template":"","format":"standard","meta":{"_mi_skip_tracking":false},"categories":[1],"tags":[],"table_tags":[],"yoast_head":"<!-- This site is optimized with the Yoast SEO plugin v19.6.1 - https:\/\/yoast.com\/wordpress\/plugins\/seo\/ -->\n<title>Carnaval Tiradentes-MG 2025 - Tiradentes.Net: o portal de Tiradentes-MG e regi\u00e3o<\/title>\n<meta name=\"description\" content=\"O Carnaval 2025 de Tiradentes come\u00e7a no dia 27 \/02 e segue at\u00e9 04\/03. Al\u00e9m dos v\u00e1rios blocos e dj\u2019s, haver\u00e1 shows com artistas regionais e nacionais\" \/>\n<meta name=\"robots\" content=\"index, follow, max-snippet:-1, max-image-preview:large, max-video-preview:-1\" \/>\n<link rel=\"canonical\" href=\"https:\/\/tiradentes.net\/01\/carnaval-tiradentes-mg-2025-confira-a-programacao\/\" \/>\n<meta property=\"og:locale\" content=\"pt_BR\" \/>\n<meta property=\"og:type\" content=\"article\" \/>\n<meta property=\"og:title\" content=\"Carnaval Tiradentes-MG 2025 - Tiradentes.Net: o portal de Tiradentes-MG e regi\u00e3o\" \/>\n<meta property=\"og:description\" content=\"O Carnaval 2025 de Tiradentes come\u00e7a no dia 27 \/02 e segue at\u00e9 04\/03. Al\u00e9m dos v\u00e1rios blocos e dj\u2019s, haver\u00e1 shows com artistas regionais e nacionais\" \/>\n<meta property=\"og:url\" content=\"https:\/\/tiradentes.net\/01\/carnaval-tiradentes-mg-2025-confira-a-programacao\/\" \/>\n<meta property=\"og:site_name\" content=\"Tiradentes.Net: o portal de Tiradentes-MG e regi\u00e3o\" \/>\n<meta property=\"article:published_time\" content=\"2025-02-23T15:36:36+00:00\" \/>\n<meta property=\"article:modified_time\" content=\"2025-04-01T18:45:08+00:00\" \/>\n<meta property=\"og:image\" content=\"https:\/\/tiradentes.net\/01\/wp-content\/uploads\/2023\/02\/carnaval_tiradentes_14-Copia.jpg\" \/>\n\t<meta property=\"og:image:width\" content=\"400\" \/>\n\t<meta property=\"og:image:height\" content=\"300\" \/>\n\t<meta property=\"og:image:type\" content=\"image\/jpeg\" \/>\n<meta name=\"author\" content=\"admin\" \/>\n<meta name=\"twitter:card\" content=\"summary_large_image\" \/>\n<meta name=\"twitter:label1\" content=\"Escrito por\" \/>\n\t<meta name=\"twitter:data1\" content=\"admin\" \/>\n\t<meta name=\"twitter:label2\" content=\"Est. tempo de leitura\" \/>\n\t<meta name=\"twitter:data2\" content=\"3 minutos\" \/>\n<script type=\"application\/ld+json\" class=\"yoast-schema-graph\">{\"@context\":\"https:\/\/schema.org\",\"@graph\":[{\"@type\":\"Article\",\"@id\":\"https:\/\/tiradentes.net\/01\/carnaval-tiradentes-mg-2025-confira-a-programacao\/#article\",\"isPartOf\":{\"@id\":\"https:\/\/tiradentes.net\/01\/carnaval-tiradentes-mg-2025-confira-a-programacao\/\"},\"author\":{\"name\":\"admin\",\"@id\":\"https:\/\/tiradentes.net\/01\/#\/schema\/person\/5e0ac2c20f34e722f2f67b67107d8cc1\"},\"headline\":\"Carnaval Tiradentes-MG 2025\",\"datePublished\":\"2025-02-23T15:36:36+00:00\",\"dateModified\":\"2025-04-01T18:45:08+00:00\",\"mainEntityOfPage\":{\"@id\":\"https:\/\/tiradentes.net\/01\/carnaval-tiradentes-mg-2025-confira-a-programacao\/\"},\"wordCount\":372,\"commentCount\":0,\"publisher\":{\"@id\":\"https:\/\/tiradentes.net\/01\/#organization\"},\"articleSection\":[\"Uncategorized\"],\"inLanguage\":\"pt-BR\",\"potentialAction\":[{\"@type\":\"CommentAction\",\"name\":\"Comment\",\"target\":[\"https:\/\/tiradentes.net\/01\/carnaval-tiradentes-mg-2025-confira-a-programacao\/#respond\"]}]},{\"@type\":\"WebPage\",\"@id\":\"https:\/\/tiradentes.net\/01\/carnaval-tiradentes-mg-2025-confira-a-programacao\/\",\"url\":\"https:\/\/tiradentes.net\/01\/carnaval-tiradentes-mg-2025-confira-a-programacao\/\",\"name\":\"Carnaval Tiradentes-MG 2025 - Tiradentes.Net: o portal de Tiradentes-MG e regi\u00e3o\",\"isPartOf\":{\"@id\":\"https:\/\/tiradentes.net\/01\/#website\"},\"datePublished\":\"2025-02-23T15:36:36+00:00\",\"dateModified\":\"2025-04-01T18:45:08+00:00\",\"description\":\"O Carnaval 2025 de Tiradentes come\u00e7a no dia 27 \/02 e segue at\u00e9 04\/03. Al\u00e9m dos v\u00e1rios blocos e dj\u2019s, haver\u00e1 shows com artistas regionais e nacionais\",\"breadcrumb\":{\"@id\":\"https:\/\/tiradentes.net\/01\/carnaval-tiradentes-mg-2025-confira-a-programacao\/#breadcrumb\"},\"inLanguage\":\"pt-BR\",\"potentialAction\":[{\"@type\":\"ReadAction\",\"target\":[\"https:\/\/tiradentes.net\/01\/carnaval-tiradentes-mg-2025-confira-a-programacao\/\"]}]},{\"@type\":\"BreadcrumbList\",\"@id\":\"https:\/\/tiradentes.net\/01\/carnaval-tiradentes-mg-2025-confira-a-programacao\/#breadcrumb\",\"itemListElement\":[{\"@type\":\"ListItem\",\"position\":1,\"name\":\"In\u00edcio\",\"item\":\"https:\/\/tiradentes.net\/01\/\"},{\"@type\":\"ListItem\",\"position\":2,\"name\":\"Carnaval Tiradentes-MG 2025\"}]},{\"@type\":\"WebSite\",\"@id\":\"https:\/\/tiradentes.net\/01\/#website\",\"url\":\"https:\/\/tiradentes.net\/01\/\",\"name\":\"Tiradentes.Net: o portal de Tiradentes-MG e regi\u00e3o\",\"description\":\"Tudo sobre Tiradentes-MG e regi\u00e3o. Not\u00edcias e informa\u00e7\u00f5es para planejar sua viagem: Hot\u00e9is e pousadas, restaurantes, atra\u00e7\u00f5es, com\u00e9rcio e servi\u00e7os relaicionados \u00e0 Tiradentes-MG e regi\u00e3o\",\"publisher\":{\"@id\":\"https:\/\/tiradentes.net\/01\/#organization\"},\"potentialAction\":[{\"@type\":\"SearchAction\",\"target\":{\"@type\":\"EntryPoint\",\"urlTemplate\":\"https:\/\/tiradentes.net\/01\/?s={search_term_string}\"},\"query-input\":\"required name=search_term_string\"}],\"inLanguage\":\"pt-BR\"},{\"@type\":\"Organization\",\"@id\":\"https:\/\/tiradentes.net\/01\/#organization\",\"name\":\"Tiradentes.Net: o portal de Tiradentes-MG e regi\u00e3o\",\"url\":\"https:\/\/tiradentes.net\/01\/\",\"sameAs\":[],\"logo\":{\"@type\":\"ImageObject\",\"inLanguage\":\"pt-BR\",\"@id\":\"https:\/\/tiradentes.net\/01\/#\/schema\/logo\/image\/\",\"url\":\"https:\/\/tiradentes.net\/01\/wp-content\/uploads\/2021\/01\/LOGO2.png\",\"contentUrl\":\"https:\/\/tiradentes.net\/01\/wp-content\/uploads\/2021\/01\/LOGO2.png\",\"width\":250,\"height\":185,\"caption\":\"Tiradentes.Net: o portal de Tiradentes-MG e regi\u00e3o\"},\"image\":{\"@id\":\"https:\/\/tiradentes.net\/01\/#\/schema\/logo\/image\/\"}},{\"@type\":\"Person\",\"@id\":\"https:\/\/tiradentes.net\/01\/#\/schema\/person\/5e0ac2c20f34e722f2f67b67107d8cc1\",\"name\":\"admin\",\"sameAs\":[\"http:\/\/tiradentes.net\/01\"],\"url\":\"https:\/\/tiradentes.net\/01\/profile\/admin\/\"}]}<\/script>\n<!-- \/ Yoast SEO plugin. -->","yoast_head_json":{"title":"Carnaval Tiradentes-MG 2025 - Tiradentes.Net: o portal de Tiradentes-MG e regi\u00e3o","description":"O Carnaval 2025 de Tiradentes come\u00e7a no dia 27 \/02 e segue at\u00e9 04\/03. Al\u00e9m dos v\u00e1rios blocos e dj\u2019s, haver\u00e1 shows com artistas regionais e nacionais","robots":{"index":"index","follow":"follow","max-snippet":"max-snippet:-1","max-image-preview":"max-image-preview:large","max-video-preview":"max-video-preview:-1"},"canonical":"https:\/\/tiradentes.net\/01\/carnaval-tiradentes-mg-2025-confira-a-programacao\/","og_locale":"pt_BR","og_type":"article","og_title":"Carnaval Tiradentes-MG 2025 - Tiradentes.Net: o portal de Tiradentes-MG e regi\u00e3o","og_description":"O Carnaval 2025 de Tiradentes come\u00e7a no dia 27 \/02 e segue at\u00e9 04\/03. Al\u00e9m dos v\u00e1rios blocos e dj\u2019s, haver\u00e1 shows com artistas regionais e nacionais","og_url":"https:\/\/tiradentes.net\/01\/carnaval-tiradentes-mg-2025-confira-a-programacao\/","og_site_name":"Tiradentes.Net: o portal de Tiradentes-MG e regi\u00e3o","article_published_time":"2025-02-23T15:36:36+00:00","article_modified_time":"2025-04-01T18:45:08+00:00","og_image":[{"width":400,"height":300,"url":"https:\/\/tiradentes.net\/01\/wp-content\/uploads\/2023\/02\/carnaval_tiradentes_14-Copia.jpg","type":"image\/jpeg"}],"author":"admin","twitter_card":"summary_large_image","twitter_misc":{"Escrito por":"admin","Est. tempo de leitura":"3 minutos"},"schema":{"@context":"https:\/\/schema.org","@graph":[{"@type":"Article","@id":"https:\/\/tiradentes.net\/01\/carnaval-tiradentes-mg-2025-confira-a-programacao\/#article","isPartOf":{"@id":"https:\/\/tiradentes.net\/01\/carnaval-tiradentes-mg-2025-confira-a-programacao\/"},"author":{"name":"admin","@id":"https:\/\/tiradentes.net\/01\/#\/schema\/person\/5e0ac2c20f34e722f2f67b67107d8cc1"},"headline":"Carnaval Tiradentes-MG 2025","datePublished":"2025-02-23T15:36:36+00:00","dateModified":"2025-04-01T18:45:08+00:00","mainEntityOfPage":{"@id":"https:\/\/tiradentes.net\/01\/carnaval-tiradentes-mg-2025-confira-a-programacao\/"},"wordCount":372,"commentCount":0,"publisher":{"@id":"https:\/\/tiradentes.net\/01\/#organization"},"articleSection":["Uncategorized"],"inLanguage":"pt-BR","potentialAction":[{"@type":"CommentAction","name":"Comment","target":["https:\/\/tiradentes.net\/01\/carnaval-tiradentes-mg-2025-confira-a-programacao\/#respond"]}]},{"@type":"WebPage","@id":"https:\/\/tiradentes.net\/01\/carnaval-tiradentes-mg-2025-confira-a-programacao\/","url":"https:\/\/tiradentes.net\/01\/carnaval-tiradentes-mg-2025-confira-a-programacao\/","name":"Carnaval Tiradentes-MG 2025 - Tiradentes.Net: o portal de Tiradentes-MG e regi\u00e3o","isPartOf":{"@id":"https:\/\/tiradentes.net\/01\/#website"},"datePublished":"2025-02-23T15:36:36+00:00","dateModified":"2025-04-01T18:45:08+00:00","description":"O Carnaval 2025 de Tiradentes come\u00e7a no dia 27 \/02 e segue at\u00e9 04\/03. Al\u00e9m dos v\u00e1rios blocos e dj\u2019s, haver\u00e1 shows com artistas regionais e nacionais","breadcrumb":{"@id":"https:\/\/tiradentes.net\/01\/carnaval-tiradentes-mg-2025-confira-a-programacao\/#breadcrumb"},"inLanguage":"pt-BR","potentialAction":[{"@type":"ReadAction","target":["https:\/\/tiradentes.net\/01\/carnaval-tiradentes-mg-2025-confira-a-programacao\/"]}]},{"@type":"BreadcrumbList","@id":"https:\/\/tiradentes.net\/01\/carnaval-tiradentes-mg-2025-confira-a-programacao\/#breadcrumb","itemListElement":[{"@type":"ListItem","position":1,"name":"In\u00edcio","item":"https:\/\/tiradentes.net\/01\/"},{"@type":"ListItem","position":2,"name":"Carnaval Tiradentes-MG 2025"}]},{"@type":"WebSite","@id":"https:\/\/tiradentes.net\/01\/#website","url":"https:\/\/tiradentes.net\/01\/","name":"Tiradentes.Net: o portal de Tiradentes-MG e regi\u00e3o","description":"Tudo sobre Tiradentes-MG e regi\u00e3o. Not\u00edcias e informa\u00e7\u00f5es para planejar sua viagem: Hot\u00e9is e pousadas, restaurantes, atra\u00e7\u00f5es, com\u00e9rcio e servi\u00e7os relaicionados \u00e0 Tiradentes-MG e regi\u00e3o","publisher":{"@id":"https:\/\/tiradentes.net\/01\/#organization"},"potentialAction":[{"@type":"SearchAction","target":{"@type":"EntryPoint","urlTemplate":"https:\/\/tiradentes.net\/01\/?s={search_term_string}"},"query-input":"required name=search_term_string"}],"inLanguage":"pt-BR"},{"@type":"Organization","@id":"https:\/\/tiradentes.net\/01\/#organization","name":"Tiradentes.Net: o portal de Tiradentes-MG e regi\u00e3o","url":"https:\/\/tiradentes.net\/01\/","sameAs":[],"logo":{"@type":"ImageObject","inLanguage":"pt-BR","@id":"https:\/\/tiradentes.net\/01\/#\/schema\/logo\/image\/","url":"https:\/\/tiradentes.net\/01\/wp-content\/uploads\/2021\/01\/LOGO2.png","contentUrl":"https:\/\/tiradentes.net\/01\/wp-content\/uploads\/2021\/01\/LOGO2.png","width":250,"height":185,"caption":"Tiradentes.Net: o portal de Tiradentes-MG e regi\u00e3o"},"image":{"@id":"https:\/\/tiradentes.net\/01\/#\/schema\/logo\/image\/"}},{"@type":"Person","@id":"https:\/\/tiradentes.net\/01\/#\/schema\/person\/5e0ac2c20f34e722f2f67b67107d8cc1","name":"admin","sameAs":["http:\/\/tiradentes.net\/01"],"url":"https:\/\/tiradentes.net\/01\/profile\/admin\/"}]}},"_links":{"self":[{"href":"https:\/\/tiradentes.net\/01\/wp-json\/wp\/v2\/posts\/2388"}],"collection":[{"href":"https:\/\/tiradentes.net\/01\/wp-json\/wp\/v2\/posts"}],"about":[{"href":"https:\/\/tiradentes.net\/01\/wp-json\/wp\/v2\/types\/post"}],"author":[{"embeddable":true,"href":"https:\/\/tiradentes.net\/01\/wp-json\/wp\/v2\/users\/1"}],"replies":[{"embeddable":true,"href":"https:\/\/tiradentes.net\/01\/wp-json\/wp\/v2\/comments?post=2388"}],"version-history":[{"count":0,"href":"https:\/\/tiradentes.net\/01\/wp-json\/wp\/v2\/posts\/2388\/revisions"}],"wp:featuredmedia":[{"embeddable":true,"href":"https:\/\/tiradentes.net\/01\/wp-json\/wp\/v2\/media\/2069"}],"wp:attachment":[{"href":"https:\/\/tiradentes.net\/01\/wp-json\/wp\/v2\/media?parent=2388"}],"wp:term":[{"taxonomy":"category","embeddable":true,"href":"https:\/\/tiradentes.net\/01\/wp-json\/wp\/v2\/categories?post=2388"},{"taxonomy":"post_tag","embeddable":true,"href":"https:\/\/tiradentes.net\/01\/wp-json\/wp\/v2\/tags?post=2388"},{"taxonomy":"table_tags","embeddable":true,"href":"https:\/\/tiradentes.net\/01\/wp-json\/wp\/v2\/table_tags?post=2388"}],"curies":[{"name":"wp","href":"https:\/\/api.w.org\/{rel}","templated":true}]}}