{"id":2402,"date":"2025-04-01T15:29:11","date_gmt":"2025-04-01T18:29:11","guid":{"rendered":"https:\/\/tiradentes.net\/01\/?p=2402"},"modified":"2025-09-10T16:32:42","modified_gmt":"2025-09-10T19:32:42","slug":"semana-santa-2025-em-tiradentes","status":"publish","type":"post","link":"https:\/\/tiradentes.net\/01\/semana-santa-2025-em-tiradentes\/","title":{"rendered":"Semana Santa 2025 em Tiradentes: um espet\u00e1culo de f\u00e9 e religiosidade"},"content":{"rendered":"<h4><span style=\"color: #808080;\"><em>Um espet\u00e1culo de f\u00e9 e religiosidade: a Semana Santa em Tiradentes \u00e9 um grande evento de devo\u00e7\u00e3o cat\u00f3lica e preserva tradi\u00e7\u00f5es seguidas h\u00e1 mais de tr\u00eas s\u00e9culos.\u00a0<\/em><\/span><\/h4>\n<p><img loading=\"lazy\" class=\"alignnone size-full wp-image-2105\" src=\"https:\/\/tiradentes.net\/01\/wp-content\/uploads\/2023\/03\/semana-santa-em-tiradentes-02.jpg\" alt=\"\" width=\"1200\" height=\"499\" srcset=\"https:\/\/tiradentes.net\/01\/wp-content\/uploads\/2023\/03\/semana-santa-em-tiradentes-02.jpg 1200w, https:\/\/tiradentes.net\/01\/wp-content\/uploads\/2023\/03\/semana-santa-em-tiradentes-02-300x125.jpg 300w, https:\/\/tiradentes.net\/01\/wp-content\/uploads\/2023\/03\/semana-santa-em-tiradentes-02-1024x426.jpg 1024w, https:\/\/tiradentes.net\/01\/wp-content\/uploads\/2023\/03\/semana-santa-em-tiradentes-02-768x319.jpg 768w\" sizes=\"(max-width: 1200px) 100vw, 1200px\" \/><\/p>\n<p>As celebra\u00e7\u00f5es s\u00e3o iniciadas dias antes, com a participa\u00e7\u00e3o de toda a cidade, na confec\u00e7\u00e3o dos famosos tapetes de serragem. S\u00e3o celebra\u00e7\u00f5es de muita f\u00e9 e religiosidade que come\u00e7am no Domingo de Ramos, com a prociss\u00e3o saindo da Igreja Matriz de Santo Ant\u00f4nio<\/p>\n<p>S\u00e3o realizadas missas e via-sacra. Como a missa solene, tamb\u00e9m na matriz, com a cerim\u00f4nia de lava-p\u00e9s.<\/p>\n<p>Sexta-Feira Santa \u00e9 o dia da encena\u00e7\u00e3o da Paix\u00e3o de Cristo; S\u00e1bado de Aleluia, \u00e9 dia de vig\u00edlia; Domingo de P\u00e1scoa, a missa \u00e9 seguida de prociss\u00e3o do Sant\u00edssimo Sacramento pelo Centro Hist\u00f3rico e todo o caminho, ruas e janelas s\u00e3o cuidadosamente ornamentadas e enfeitadas pelos moradores.<\/p>\n","protected":false},"excerpt":{"rendered":"<p>Um espet\u00e1culo de f\u00e9 e religiosidade: a Semana Santa em Tiradentes \u00e9 um grande evento de devo\u00e7\u00e3o cat\u00f3lica e preserva tradi\u00e7\u00f5es seguidas h\u00e1 mais de tr\u00eas s\u00e9culos.\u00a0 As celebra\u00e7\u00f5es s\u00e3o iniciadas dias antes, com a participa\u00e7\u00e3o de toda a cidade, na confec\u00e7\u00e3o dos famosos tapetes de serragem. S\u00e3o celebra\u00e7\u00f5es de<\/p>\n","protected":false},"author":1,"featured_media":2403,"comment_status":"open","ping_status":"open","sticky":false,"template":"","format":"standard","meta":{"_mi_skip_tracking":false},"categories":[1],"tags":[],"table_tags":[],"yoast_head":"<!-- This site is optimized with the Yoast SEO plugin v19.6.1 - https:\/\/yoast.com\/wordpress\/plugins\/seo\/ -->\n<title>Semana Santa 2025 em Tiradentes: um espet\u00e1culo de f\u00e9 e religiosidade - Tiradentes.Net: o portal de Tiradentes-MG e regi\u00e3o<\/title>\n<meta name=\"description\" content=\"Um espet\u00e1culo de f\u00e9 e religiosidade: a Semana Santa em Tiradentes \u00e9 um grande evento de devo\u00e7\u00e3o cat\u00f3lica, com tradi\u00e7\u00f5es centen\u00e1rias\" \/>\n<meta name=\"robots\" content=\"index, follow, max-snippet:-1, max-image-preview:large, max-video-preview:-1\" \/>\n<link rel=\"canonical\" href=\"https:\/\/tiradentes.net\/01\/semana-santa-2025-em-tiradentes\/\" \/>\n<meta property=\"og:locale\" content=\"pt_BR\" \/>\n<meta property=\"og:type\" content=\"article\" \/>\n<meta property=\"og:title\" content=\"Semana Santa 2025 em Tiradentes: um espet\u00e1culo de f\u00e9 e religiosidade - Tiradentes.Net: o portal de Tiradentes-MG e regi\u00e3o\" \/>\n<meta property=\"og:description\" content=\"Um espet\u00e1culo de f\u00e9 e religiosidade: a Semana Santa em Tiradentes \u00e9 um grande evento de devo\u00e7\u00e3o cat\u00f3lica, com tradi\u00e7\u00f5es centen\u00e1rias\" \/>\n<meta property=\"og:url\" content=\"https:\/\/tiradentes.net\/01\/semana-santa-2025-em-tiradentes\/\" \/>\n<meta property=\"og:site_name\" content=\"Tiradentes.Net: o portal de Tiradentes-MG e regi\u00e3o\" \/>\n<meta property=\"article:published_time\" content=\"2025-04-01T18:29:11+00:00\" \/>\n<meta property=\"article:modified_time\" content=\"2025-09-10T19:32:42+00:00\" \/>\n<meta property=\"og:image\" content=\"https:\/\/tiradentes.net\/01\/wp-content\/uploads\/2025\/04\/semana-santa-2025.jpg\" \/>\n\t<meta property=\"og:image:width\" content=\"587\" \/>\n\t<meta property=\"og:image:height\" content=\"555\" \/>\n\t<meta property=\"og:image:type\" content=\"image\/jpeg\" \/>\n<meta name=\"author\" content=\"admin\" \/>\n<meta name=\"twitter:card\" content=\"summary_large_image\" \/>\n<meta name=\"twitter:label1\" content=\"Escrito por\" \/>\n\t<meta name=\"twitter:data1\" content=\"admin\" \/>\n\t<meta name=\"twitter:label2\" content=\"Est. tempo de leitura\" \/>\n\t<meta name=\"twitter:data2\" content=\"1 minuto\" \/>\n<script type=\"application\/ld+json\" class=\"yoast-schema-graph\">{\"@context\":\"https:\/\/schema.org\",\"@graph\":[{\"@type\":\"Article\",\"@id\":\"https:\/\/tiradentes.net\/01\/semana-santa-2025-em-tiradentes\/#article\",\"isPartOf\":{\"@id\":\"https:\/\/tiradentes.net\/01\/semana-santa-2025-em-tiradentes\/\"},\"author\":{\"name\":\"admin\",\"@id\":\"https:\/\/tiradentes.net\/01\/#\/schema\/person\/5e0ac2c20f34e722f2f67b67107d8cc1\"},\"headline\":\"Semana Santa 2025 em Tiradentes: um espet\u00e1culo de f\u00e9 e religiosidade\",\"datePublished\":\"2025-04-01T18:29:11+00:00\",\"dateModified\":\"2025-09-10T19:32:42+00:00\",\"mainEntityOfPage\":{\"@id\":\"https:\/\/tiradentes.net\/01\/semana-santa-2025-em-tiradentes\/\"},\"wordCount\":169,\"commentCount\":0,\"publisher\":{\"@id\":\"https:\/\/tiradentes.net\/01\/#organization\"},\"articleSection\":[\"Uncategorized\"],\"inLanguage\":\"pt-BR\",\"potentialAction\":[{\"@type\":\"CommentAction\",\"name\":\"Comment\",\"target\":[\"https:\/\/tiradentes.net\/01\/semana-santa-2025-em-tiradentes\/#respond\"]}]},{\"@type\":\"WebPage\",\"@id\":\"https:\/\/tiradentes.net\/01\/semana-santa-2025-em-tiradentes\/\",\"url\":\"https:\/\/tiradentes.net\/01\/semana-santa-2025-em-tiradentes\/\",\"name\":\"Semana Santa 2025 em Tiradentes: um espet\u00e1culo de f\u00e9 e religiosidade - Tiradentes.Net: o portal de Tiradentes-MG e regi\u00e3o\",\"isPartOf\":{\"@id\":\"https:\/\/tiradentes.net\/01\/#website\"},\"datePublished\":\"2025-04-01T18:29:11+00:00\",\"dateModified\":\"2025-09-10T19:32:42+00:00\",\"description\":\"Um espet\u00e1culo de f\u00e9 e religiosidade: a Semana Santa em Tiradentes \u00e9 um grande evento de devo\u00e7\u00e3o cat\u00f3lica, com tradi\u00e7\u00f5es centen\u00e1rias\",\"breadcrumb\":{\"@id\":\"https:\/\/tiradentes.net\/01\/semana-santa-2025-em-tiradentes\/#breadcrumb\"},\"inLanguage\":\"pt-BR\",\"potentialAction\":[{\"@type\":\"ReadAction\",\"target\":[\"https:\/\/tiradentes.net\/01\/semana-santa-2025-em-tiradentes\/\"]}]},{\"@type\":\"BreadcrumbList\",\"@id\":\"https:\/\/tiradentes.net\/01\/semana-santa-2025-em-tiradentes\/#breadcrumb\",\"itemListElement\":[{\"@type\":\"ListItem\",\"position\":1,\"name\":\"In\u00edcio\",\"item\":\"https:\/\/tiradentes.net\/01\/\"},{\"@type\":\"ListItem\",\"position\":2,\"name\":\"Semana Santa 2025 em Tiradentes: um espet\u00e1culo de f\u00e9 e religiosidade\"}]},{\"@type\":\"WebSite\",\"@id\":\"https:\/\/tiradentes.net\/01\/#website\",\"url\":\"https:\/\/tiradentes.net\/01\/\",\"name\":\"Tiradentes.Net: o portal de Tiradentes-MG e regi\u00e3o\",\"description\":\"Tudo sobre Tiradentes-MG e regi\u00e3o. Not\u00edcias e informa\u00e7\u00f5es para planejar sua viagem: Hot\u00e9is e pousadas, restaurantes, atra\u00e7\u00f5es, com\u00e9rcio e servi\u00e7os relaicionados \u00e0 Tiradentes-MG e regi\u00e3o\",\"publisher\":{\"@id\":\"https:\/\/tiradentes.net\/01\/#organization\"},\"potentialAction\":[{\"@type\":\"SearchAction\",\"target\":{\"@type\":\"EntryPoint\",\"urlTemplate\":\"https:\/\/tiradentes.net\/01\/?s={search_term_string}\"},\"query-input\":\"required name=search_term_string\"}],\"inLanguage\":\"pt-BR\"},{\"@type\":\"Organization\",\"@id\":\"https:\/\/tiradentes.net\/01\/#organization\",\"name\":\"Tiradentes.Net: o portal de Tiradentes-MG e regi\u00e3o\",\"url\":\"https:\/\/tiradentes.net\/01\/\",\"sameAs\":[],\"logo\":{\"@type\":\"ImageObject\",\"inLanguage\":\"pt-BR\",\"@id\":\"https:\/\/tiradentes.net\/01\/#\/schema\/logo\/image\/\",\"url\":\"https:\/\/tiradentes.net\/01\/wp-content\/uploads\/2021\/01\/LOGO2.png\",\"contentUrl\":\"https:\/\/tiradentes.net\/01\/wp-content\/uploads\/2021\/01\/LOGO2.png\",\"width\":250,\"height\":185,\"caption\":\"Tiradentes.Net: o portal de Tiradentes-MG e regi\u00e3o\"},\"image\":{\"@id\":\"https:\/\/tiradentes.net\/01\/#\/schema\/logo\/image\/\"}},{\"@type\":\"Person\",\"@id\":\"https:\/\/tiradentes.net\/01\/#\/schema\/person\/5e0ac2c20f34e722f2f67b67107d8cc1\",\"name\":\"admin\",\"sameAs\":[\"http:\/\/tiradentes.net\/01\"],\"url\":\"https:\/\/tiradentes.net\/01\/profile\/admin\/\"}]}<\/script>\n<!-- \/ Yoast SEO plugin. -->","yoast_head_json":{"title":"Semana Santa 2025 em Tiradentes: um espet\u00e1culo de f\u00e9 e religiosidade - Tiradentes.Net: o portal de Tiradentes-MG e regi\u00e3o","description":"Um espet\u00e1culo de f\u00e9 e religiosidade: a Semana Santa em Tiradentes \u00e9 um grande evento de devo\u00e7\u00e3o cat\u00f3lica, com tradi\u00e7\u00f5es centen\u00e1rias","robots":{"index":"index","follow":"follow","max-snippet":"max-snippet:-1","max-image-preview":"max-image-preview:large","max-video-preview":"max-video-preview:-1"},"canonical":"https:\/\/tiradentes.net\/01\/semana-santa-2025-em-tiradentes\/","og_locale":"pt_BR","og_type":"article","og_title":"Semana Santa 2025 em Tiradentes: um espet\u00e1culo de f\u00e9 e religiosidade - Tiradentes.Net: o portal de Tiradentes-MG e regi\u00e3o","og_description":"Um espet\u00e1culo de f\u00e9 e religiosidade: a Semana Santa em Tiradentes \u00e9 um grande evento de devo\u00e7\u00e3o cat\u00f3lica, com tradi\u00e7\u00f5es centen\u00e1rias","og_url":"https:\/\/tiradentes.net\/01\/semana-santa-2025-em-tiradentes\/","og_site_name":"Tiradentes.Net: o portal de Tiradentes-MG e regi\u00e3o","article_published_time":"2025-04-01T18:29:11+00:00","article_modified_time":"2025-09-10T19:32:42+00:00","og_image":[{"width":587,"height":555,"url":"https:\/\/tiradentes.net\/01\/wp-content\/uploads\/2025\/04\/semana-santa-2025.jpg","type":"image\/jpeg"}],"author":"admin","twitter_card":"summary_large_image","twitter_misc":{"Escrito por":"admin","Est. tempo de leitura":"1 minuto"},"schema":{"@context":"https:\/\/schema.org","@graph":[{"@type":"Article","@id":"https:\/\/tiradentes.net\/01\/semana-santa-2025-em-tiradentes\/#article","isPartOf":{"@id":"https:\/\/tiradentes.net\/01\/semana-santa-2025-em-tiradentes\/"},"author":{"name":"admin","@id":"https:\/\/tiradentes.net\/01\/#\/schema\/person\/5e0ac2c20f34e722f2f67b67107d8cc1"},"headline":"Semana Santa 2025 em Tiradentes: um espet\u00e1culo de f\u00e9 e religiosidade","datePublished":"2025-04-01T18:29:11+00:00","dateModified":"2025-09-10T19:32:42+00:00","mainEntityOfPage":{"@id":"https:\/\/tiradentes.net\/01\/semana-santa-2025-em-tiradentes\/"},"wordCount":169,"commentCount":0,"publisher":{"@id":"https:\/\/tiradentes.net\/01\/#organization"},"articleSection":["Uncategorized"],"inLanguage":"pt-BR","potentialAction":[{"@type":"CommentAction","name":"Comment","target":["https:\/\/tiradentes.net\/01\/semana-santa-2025-em-tiradentes\/#respond"]}]},{"@type":"WebPage","@id":"https:\/\/tiradentes.net\/01\/semana-santa-2025-em-tiradentes\/","url":"https:\/\/tiradentes.net\/01\/semana-santa-2025-em-tiradentes\/","name":"Semana Santa 2025 em Tiradentes: um espet\u00e1culo de f\u00e9 e religiosidade - Tiradentes.Net: o portal de Tiradentes-MG e regi\u00e3o","isPartOf":{"@id":"https:\/\/tiradentes.net\/01\/#website"},"datePublished":"2025-04-01T18:29:11+00:00","dateModified":"2025-09-10T19:32:42+00:00","description":"Um espet\u00e1culo de f\u00e9 e religiosidade: a Semana Santa em Tiradentes \u00e9 um grande evento de devo\u00e7\u00e3o cat\u00f3lica, com tradi\u00e7\u00f5es centen\u00e1rias","breadcrumb":{"@id":"https:\/\/tiradentes.net\/01\/semana-santa-2025-em-tiradentes\/#breadcrumb"},"inLanguage":"pt-BR","potentialAction":[{"@type":"ReadAction","target":["https:\/\/tiradentes.net\/01\/semana-santa-2025-em-tiradentes\/"]}]},{"@type":"BreadcrumbList","@id":"https:\/\/tiradentes.net\/01\/semana-santa-2025-em-tiradentes\/#breadcrumb","itemListElement":[{"@type":"ListItem","position":1,"name":"In\u00edcio","item":"https:\/\/tiradentes.net\/01\/"},{"@type":"ListItem","position":2,"name":"Semana Santa 2025 em Tiradentes: um espet\u00e1culo de f\u00e9 e religiosidade"}]},{"@type":"WebSite","@id":"https:\/\/tiradentes.net\/01\/#website","url":"https:\/\/tiradentes.net\/01\/","name":"Tiradentes.Net: o portal de Tiradentes-MG e regi\u00e3o","description":"Tudo sobre Tiradentes-MG e regi\u00e3o. Not\u00edcias e informa\u00e7\u00f5es para planejar sua viagem: Hot\u00e9is e pousadas, restaurantes, atra\u00e7\u00f5es, com\u00e9rcio e servi\u00e7os relaicionados \u00e0 Tiradentes-MG e regi\u00e3o","publisher":{"@id":"https:\/\/tiradentes.net\/01\/#organization"},"potentialAction":[{"@type":"SearchAction","target":{"@type":"EntryPoint","urlTemplate":"https:\/\/tiradentes.net\/01\/?s={search_term_string}"},"query-input":"required name=search_term_string"}],"inLanguage":"pt-BR"},{"@type":"Organization","@id":"https:\/\/tiradentes.net\/01\/#organization","name":"Tiradentes.Net: o portal de Tiradentes-MG e regi\u00e3o","url":"https:\/\/tiradentes.net\/01\/","sameAs":[],"logo":{"@type":"ImageObject","inLanguage":"pt-BR","@id":"https:\/\/tiradentes.net\/01\/#\/schema\/logo\/image\/","url":"https:\/\/tiradentes.net\/01\/wp-content\/uploads\/2021\/01\/LOGO2.png","contentUrl":"https:\/\/tiradentes.net\/01\/wp-content\/uploads\/2021\/01\/LOGO2.png","width":250,"height":185,"caption":"Tiradentes.Net: o portal de Tiradentes-MG e regi\u00e3o"},"image":{"@id":"https:\/\/tiradentes.net\/01\/#\/schema\/logo\/image\/"}},{"@type":"Person","@id":"https:\/\/tiradentes.net\/01\/#\/schema\/person\/5e0ac2c20f34e722f2f67b67107d8cc1","name":"admin","sameAs":["http:\/\/tiradentes.net\/01"],"url":"https:\/\/tiradentes.net\/01\/profile\/admin\/"}]}},"_links":{"self":[{"href":"https:\/\/tiradentes.net\/01\/wp-json\/wp\/v2\/posts\/2402"}],"collection":[{"href":"https:\/\/tiradentes.net\/01\/wp-json\/wp\/v2\/posts"}],"about":[{"href":"https:\/\/tiradentes.net\/01\/wp-json\/wp\/v2\/types\/post"}],"author":[{"embeddable":true,"href":"https:\/\/tiradentes.net\/01\/wp-json\/wp\/v2\/users\/1"}],"replies":[{"embeddable":true,"href":"https:\/\/tiradentes.net\/01\/wp-json\/wp\/v2\/comments?post=2402"}],"version-history":[{"count":0,"href":"https:\/\/tiradentes.net\/01\/wp-json\/wp\/v2\/posts\/2402\/revisions"}],"wp:featuredmedia":[{"embeddable":true,"href":"https:\/\/tiradentes.net\/01\/wp-json\/wp\/v2\/media\/2403"}],"wp:attachment":[{"href":"https:\/\/tiradentes.net\/01\/wp-json\/wp\/v2\/media?parent=2402"}],"wp:term":[{"taxonomy":"category","embeddable":true,"href":"https:\/\/tiradentes.net\/01\/wp-json\/wp\/v2\/categories?post=2402"},{"taxonomy":"post_tag","embeddable":true,"href":"https:\/\/tiradentes.net\/01\/wp-json\/wp\/v2\/tags?post=2402"},{"taxonomy":"table_tags","embeddable":true,"href":"https:\/\/tiradentes.net\/01\/wp-json\/wp\/v2\/table_tags?post=2402"}],"curies":[{"name":"wp","href":"https:\/\/api.w.org\/{rel}","templated":true}]}}