{"id":849,"date":"2021-01-19T23:50:12","date_gmt":"2021-01-20T02:50:12","guid":{"rendered":"http:\/\/tiradentes.net\/01\/?p=849"},"modified":"2022-08-18T22:24:57","modified_gmt":"2022-08-19T01:24:57","slug":"pontos-turisticos-de-tiradentes-mg","status":"publish","type":"post","link":"https:\/\/tiradentes.net\/01\/pontos-turisticos-de-tiradentes-mg\/","title":{"rendered":"Pontos Tur\u00edsticos de Tiradentes-MG"},"content":{"rendered":"<hr \/>\n<p><strong>Ponte das Forras<\/strong><br \/>\n<img class=\"alignleft\" src=\"https:\/\/tiradentes.net\/images\/atracoes-14.jpg\" \/>Atravessando a ponte de pedra sob o Ribeiro de Santo Ant\u00f4nio, chega-se ao simp\u00e1tico Largo das Forras. Ponte e largo possuem o mesmo nome, uma refer\u00eancia \u00e0s escravas alforriadas que a\u00ed moravam na \u00e9poca colonial.<\/p>\n<p>&nbsp;<\/p>\n<p>&nbsp;<\/p>\n<hr \/>\n<p><strong>Largo das Forras<\/strong><br \/>\n<img class=\"alignleft\" src=\"https:\/\/tiradentes.net\/images\/atracoes-15.jpg\" \/>Ao longo dos anos, o Largo das Forras passou por diversas modifica\u00e7\u00f5es. O casario transformado em pousadas, restaurantes e lojas fez do local um ponto de encontro de turistas e visitantes. O atual projeto urban\u00edstico \u00e9 de autoria do paisagista Roberto Burle Marx.<\/p>\n<p>No largo, h\u00e1 um monumento alusivo ao centen\u00e1rio de morte de Tiradentes, erigido em 1892.<\/p>\n<hr \/>\n<p><strong>Prefeitura Municipal<\/strong><br \/>\n<img class=\"alignleft\" src=\"https:\/\/tiradentes.net\/images\/atracoes-16.jpg\" \/><\/p>\n<p>O sobrado que hoje abriga a Prefeitura Municipal chama a aten\u00e7\u00e3o pelo seu porte. \u00c9 a \u00fanica edifica\u00e7\u00e3o de tr\u00eas pavimentos do centro hist\u00f3rico de Tiradentes.<\/p>\n<p><em><img loading=\"lazy\" class=\"alignleft size-full wp-image-636\" src=\"http:\/\/tiradentes.net\/01\/wp-content\/uploads\/2021\/01\/pin.png\" alt=\"\" width=\"50\" height=\"50\" \/>Localiza\u00e7\u00e3o:<\/em><br \/>\n<em>Rua Resende Costa, 71 &#8211; Centro.<\/em><\/p>\n<p>&nbsp;<\/p>\n<hr \/>\n<p><strong>Centro Cultural Yves Alves<\/strong><br \/>\n<img class=\"alignleft\" src=\"https:\/\/tiradentes.net\/images\/atracoes-17.jpg\" \/>O Centro Cultural Ives Alves foi concebido com inten\u00e7\u00e3o de constituir uma entidade cultural auto sustent\u00e1vel, que promova a melhoria da qualidade de vida da comunidade local, atrav\u00e9s da realiza\u00e7\u00e3o de eventos que visem difundir o conhecimento da cidade e desenvolver suas institui\u00e7\u00f5es culturais e empresariais.<\/p>\n<p><em><img loading=\"lazy\" class=\"alignleft size-full wp-image-636\" src=\"http:\/\/tiradentes.net\/01\/wp-content\/uploads\/2021\/01\/pin.png\" alt=\"\" width=\"50\" height=\"50\" \/>Localiza\u00e7\u00e3o:<\/em><br \/>\n<em>Rua Direita, 168 &#8211; Centro.<\/em><br \/>\n<em>Utiliza\u00e7\u00e3o: Centro Cultural<\/em><br \/>\n<em>Funcionamento: quarta a segunda, das 10h \u00e0s 18h.<\/em><\/p>\n<hr \/>\n<p><strong>Sobrado Aimor\u00e9s<\/strong><br \/>\n<img class=\"alignleft\" src=\"https:\/\/tiradentes.net\/images\/atracoes-18.jpg\" \/>O sobrado Aimor\u00e9s \u00e9 um importante exemplar da arquitetura civil da cidade. Sua fachada, dominada por um correr de portas e janelas, revela a impetuosidade das constru\u00e7\u00f5es do s\u00e9culo XVIII.<\/p>\n<p><em><img loading=\"lazy\" class=\"alignleft size-full wp-image-636\" src=\"http:\/\/tiradentes.net\/01\/wp-content\/uploads\/2021\/01\/pin.png\" alt=\"\" width=\"50\" height=\"50\" \/>Localiza\u00e7\u00e3o: Rua Direita, 159 &#8211; Centro.<\/em><br \/>\n<em>Utiliza\u00e7\u00e3o: Sede do Aimor\u00e9s Futebol Clube.<\/em><\/p>\n<p>&nbsp;<\/p>\n<hr \/>\n<p><strong>Casa do Comendador Assis<\/strong><br \/>\n<img class=\"alignleft\" src=\"https:\/\/tiradentes.net\/images\/atracoes-19.jpg\" \/>Esta casa serviu de resid\u00eancia ao comendador Carlos Jos\u00e9 de Assis na segunda metade do s\u00e9culo XIX. Estimado pelos tiradentinos, o comendador fazia parte de um dito popular, que relacionava as coisas de maior apre\u00e7o da comunidade local: a Matriz, o Chafariz e o Comendador Assis.<\/p>\n<p><em><img loading=\"lazy\" class=\"alignleft size-full wp-image-636\" src=\"http:\/\/tiradentes.net\/01\/wp-content\/uploads\/2021\/01\/pin.png\" alt=\"\" width=\"50\" height=\"50\" \/>Localiza\u00e7\u00e3o: Largo do Sol, s\/n\u00ba &#8211; Centro.<\/em><br \/>\n<em>Utiliza\u00e7\u00e3o: Escola Municipal Mar\u00edlia de Dirceu.<\/em><\/p>\n<p>&nbsp;<\/p>\n<hr \/>\n<p><strong>Monumento a Tiradentes<\/strong><br \/>\n<img class=\"alignleft\" src=\"https:\/\/tiradentes.net\/images\/historia-03.jpg\" \/>Um monumento erguido em 1962 homenageia Joaquim Jos\u00e9 da Silva Xavier, Tiradentes &#8211; o her\u00f3i nacional que deu nome \u00e0 cidade.<\/p>\n<p><em><img loading=\"lazy\" class=\"alignleft size-full wp-image-636\" src=\"http:\/\/tiradentes.net\/01\/wp-content\/uploads\/2021\/01\/pin.png\" alt=\"\" width=\"50\" height=\"50\" \/><\/em><\/p>\n<p><em><br \/>\nLocaliza\u00e7\u00e3o: Largo do Sol.<\/em><\/p>\n<p>&nbsp;<\/p>\n<hr \/>\n<p><strong>Casa da Cultura<\/strong><br \/>\n<img class=\"alignleft\" src=\"https:\/\/tiradentes.net\/images\/atracoes-22.jpg\" \/>Esta casa pertenceu \u00e0 Confraria da Sant\u00edssima Trindade e foi adquirida pela Funda\u00e7\u00e3o Rodrigo Mello Franco de Andrade para cria\u00e7\u00e3o de um centro de estudos sobre o patrim\u00f4nio cultural do Brasil. \u00c9 conhecida como Casa da Cultura.<\/p>\n<p>Inaugurada em dezembro de 1974, possui documentos referentes ao per\u00edodo colonial. Fazem parte do acervo publica\u00e7\u00f5es do Arquivo P\u00fablico Mineiro e do Instituto do Patrim\u00f4nio Hist\u00f3rico e Art\u00edstico Nacional &#8211; Iphan, al\u00e9m de trabalhos de artistas modernistas brasileiros: uma tela de Guignard, tr\u00eas estudos de C\u00e2ndido Portinari e um poema de Carlos Drummond de Andrade sobre Tiradentes.<\/p>\n<p>De agrad\u00e1veis propor\u00e7\u00f5es, o casar\u00e3o possui 14 c\u00f4modos ornamentados com interessantes pinturas no forro, especialmente a de frutas brasileiras e a de uma cena campestre em que aparece um pastor negro ao lado de uma pastora branca.<\/p>\n<p><em><br \/>\n<img loading=\"lazy\" class=\"alignleft size-full wp-image-636\" src=\"http:\/\/tiradentes.net\/01\/wp-content\/uploads\/2021\/01\/pin.png\" alt=\"\" width=\"50\" height=\"50\" \/>Localiza\u00e7\u00e3o: Rua Padre Toledo, s\/n\u00ba &#8211; Centro.<\/em><br \/>\n<em>Utiliza\u00e7\u00e3o:Centro de Estudos de Hist\u00f3ria Brasileira \/ Funda\u00e7\u00e3o Rodrigo Mello Franco de Andrade.<\/em><br \/>\n<em>Funcionamento: Quarta a segunda-feira, das 9 \u00e0s 17 horas.<\/em><\/p>\n<hr \/>\n<p><strong>Casa de Cust\u00f3dio Mesquita<\/strong><br \/>\n<img class=\"alignleft\" src=\"https:\/\/tiradentes.net\/images\/atracoes-23.jpg\" \/>A casa onde viveu o compositor Cust\u00f3dio Gomes, falecido em 1919, possui bonito pintura no teto representando os cinco sentidos. Pertence, ainda hoje, a seus herdeiros.<\/p>\n<p><em><img loading=\"lazy\" class=\"alignleft size-full wp-image-636\" src=\"http:\/\/tiradentes.net\/01\/wp-content\/uploads\/2021\/01\/pin.png\" alt=\"\" width=\"50\" height=\"50\" \/>Localiza\u00e7\u00e3o:<\/em><br \/>\n<em>Rua Padre Toledo, 114 &#8211; Centro.<\/em><\/p>\n<p>&nbsp;<\/p>\n<hr \/>\n<p><strong>Po\u00e7o da Matriz<\/strong><br \/>\n<img class=\"alignleft\" src=\"https:\/\/tiradentes.net\/images\/atracoes-24.jpg\" \/>O Po\u00e7o da Matriz fornecia \u00e1gua pot\u00e1vel \u00e0 popula\u00e7\u00e3o tiradentina antes do Chafariz de S\u00e3o Jos\u00e9 ser constru\u00eddo. Parte do caminho de acesso \u00e9 cal\u00e7ada e apresenta vegeta\u00e7\u00e3o exuberante. \u00c9 tamb\u00e9m conhecido como Po\u00e7o dos Escravos.<\/p>\n<p><em><img loading=\"lazy\" class=\"alignleft size-full wp-image-636\" src=\"http:\/\/tiradentes.net\/01\/wp-content\/uploads\/2021\/01\/pin.png\" alt=\"\" width=\"50\" height=\"50\" \/>Localiza\u00e7\u00e3o:<\/em><br \/>\n<em>Fundos da Matriz de Santo Ant\u00f4nio.<\/em><\/p>\n<p>&nbsp;<\/p>\n<hr \/>\n<p><strong>Casa da C\u00e2mara<\/strong><br \/>\n<img class=\"alignleft\" src=\"https:\/\/tiradentes.net\/images\/atracoes-25.jpg\" \/>Ao longo dos anos, a casa que abrigou a c\u00e2mara e o antigo f\u00f3rum da cidade sofreu v\u00e1rias modifica\u00e7\u00f5es. A agrad\u00e1vel varanda foi acrescentada \u00e0 sua fachada, possivelmente, no final do s\u00e9culo XVIII, e o bras\u00e3o no centro da cimalha recebeu sucessivas grava\u00e7\u00f5es: as armas de Portugal, as do Imp\u00e9rio e, mais tarde, as da Rep\u00fablica.<\/p>\n<p>Em 1970, o pr\u00e9dio foi doado \u00e0 Funda\u00e7\u00e3o Rodrigo Mello Franco de Andrade, que desde ent\u00e3o nele realiza concertos, exposi\u00e7\u00f5es e semin\u00e1rios.<\/p>\n<p>Em 1985, parte do im\u00f3vel foi cedida \u00e0 C\u00e2mara Municipal de Tiradentes, reintegrando de certo modo o pr\u00e9dio \u00e0 sua fun\u00e7\u00e3o original.<\/p>\n<p><em><img loading=\"lazy\" class=\"alignleft size-full wp-image-636\" src=\"http:\/\/tiradentes.net\/01\/wp-content\/uploads\/2021\/01\/pin.png\" alt=\"\" width=\"50\" height=\"50\" \/>Localiza\u00e7\u00e3o: Rua da C\u00e2mara, 53 &#8211; Centro.<\/em><br \/>\n<em>Utiliza\u00e7\u00e3o: Espa\u00e7o Cultural \/ Funda\u00e7\u00e3o Rodrigo Mello Franco de Andrade e C\u00e2mara Municipal de Tiradentes.<\/em><\/p>\n<p>&nbsp;<\/p>\n<hr \/>\n<p><strong>Sobrado Ramalho<\/strong><br \/>\n<img class=\"alignleft\" src=\"https:\/\/tiradentes.net\/images\/atracoes-26.jpg\" \/>Este sobrado, situado no local conhecido como Quatro Cantos, na esquina das ruas Direita e da C\u00e2mara, \u00e9 considerado o mais antigo da cidade. Foi resid\u00eancia particular da fam\u00edlia Ramalho, que fundou a centen\u00e1ria Orquestra e Banda Ramalho em 1860. No s\u00e9culo XX, abrigou um pequeno teatro no andar t\u00e9rreo.<\/p>\n<p><em><img loading=\"lazy\" class=\"alignleft size-full wp-image-636\" src=\"http:\/\/tiradentes.net\/01\/wp-content\/uploads\/2021\/01\/pin.png\" alt=\"\" width=\"50\" height=\"50\" \/>Localiza\u00e7\u00e3o: ua da C\u00e2mara, s\/n\u00ba &#8211; Centro.<\/em><br \/>\n<em>Utiliza\u00e7\u00e3o: Escrit\u00f3rio T\u00e9cnico de Tiradentes \/ 13\u00aa Coordena\u00e7\u00e3o Regional &#8211; IPHAN e sedes da Sociedade Orquestra e Banda Ramalho, do Instituto Hist\u00f3rico e Geogr\u00e1fico de Tiradentes e da Sociedade dos Amigos de Tiradentes &#8211; Sat.<\/em><br \/>\n<em>Funcionamento: Escrit\u00f3rio T\u00e9cnico do IPHAN: segunda a sexta-feira, das 8h \u00e0s 12h e das 14h \u00e0s 18h.<\/em><\/p>\n<hr \/>\n<p><strong>Solar do Padre Caldeira<\/strong><br \/>\n<img class=\"alignleft\" src=\"https:\/\/tiradentes.net\/images\/atracoes-28.jpg\" \/>O belo solar pertenceu ao Padre Jo\u00e3o Batista Caldeira e possu\u00eda uma capela aberta \u00e0 visita\u00e7\u00e3o p\u00fablica.<\/p>\n<p>&nbsp;<\/p>\n<p><em><img loading=\"lazy\" class=\"alignleft size-full wp-image-636\" src=\"http:\/\/tiradentes.net\/01\/wp-content\/uploads\/2021\/01\/pin.png\" alt=\"\" width=\"50\" height=\"50\" \/>Localiza\u00e7\u00e3o: <\/em><br \/>\n<em>Largo do \u00d3, 1 &#8211; Centro.<\/em><\/p>\n<hr \/>\n<p><strong>Chafariz de S\u00e3o Jos\u00e9<\/strong><br \/>\n<img class=\"alignleft\" src=\"https:\/\/tiradentes.net\/images\/atracoes-29.jpg\" \/>Um dos mais belos exemplares do per\u00edodo colonial, o Chafariz de S\u00e3o Jos\u00e9 foi constru\u00eddo pela C\u00e2mara Municipal em 1749 para abastecer a cidade de \u00e1gua pot\u00e1vel.<\/p>\n<p>Apresenta elementos tipicamente barrocos: pilastras, coruch\u00e9us, volutas e cruz. Possuem tr\u00eas carrancas esculpidas em pedra, que jorram \u00e1gua em um tanque \u00fanico, um pequeno nicho com a imagem de S\u00e3o Jos\u00e9 de Botas e um bras\u00e3o com as armas de Portugal.<\/p>\n<p>Atende ainda hoje \u00e0 popula\u00e7\u00e3o, trazendo \u00e1gua pur\u00edssima da Serra de S\u00e3o Jos\u00e9 em antigo aqueduto de pedra.<\/p>\n<p><em><img loading=\"lazy\" class=\"alignleft size-full wp-image-636\" src=\"http:\/\/tiradentes.net\/01\/wp-content\/uploads\/2021\/01\/pin.png\" alt=\"\" width=\"50\" height=\"50\" \/><\/em>Localiza\u00e7\u00e3o:<br \/>\nLargo do Chafariz &#8211; Centro<\/p>\n<p>&nbsp;<\/p>\n<hr \/>\n<p><strong>Bosque M\u00e3e D&#8217;\u00e1gua<\/strong><br \/>\n<img class=\"alignleft\" src=\"https:\/\/tiradentes.net\/images\/atracoes-30.jpg\" \/>No sop\u00e9 da Serra de S\u00e3o Jos\u00e9, o Bosque da M\u00e3e D&#8217;\u00c1gua guarda a nascente que abastece o Chafariz de S\u00e3o Jos\u00e9. Apresenta trechos de vegeta\u00e7\u00e3o remanescente da Mata Atl\u00e2ntica, que podem ser apreciados junto ao antigo aqueduto de pedra, constru\u00eddo, provavelmente, no s\u00e9culo XVIII.<\/p>\n<p><em><img loading=\"lazy\" class=\"alignleft size-full wp-image-636\" src=\"http:\/\/tiradentes.net\/01\/wp-content\/uploads\/2021\/01\/pin.png\" alt=\"\" width=\"50\" height=\"50\" \/>Localiza\u00e7\u00e3o: Largo do Chafariz &#8211; Centro.<\/em><br \/>\n<em>Visita\u00e7\u00e3o: Quarta a domingo, das 7h \u00e0s 16h.<\/em><\/p>\n<p>&nbsp;<\/p>\n<hr \/>\n<p><strong>Balne\u00e1rio \u00c1guas Santas<\/strong><br \/>\n<img class=\"alignleft\" src=\"https:\/\/tiradentes.net\/images\/atracoes-31.jpg\" \/>No sop\u00e9 da Serra de S\u00e3o Jos\u00e9, do outro lado da cidade existe o Balne\u00e1rio de \u00c1guas Santas com grande piscina de \u00e1gua radioativa, excelentes duchas, play ground, campos de futebol, lago e outros locais para divers\u00e3o. A temperatura da \u00e1gua \u00e9 de 28\u00baC. O Balne\u00e1rio existe desde meados do s\u00e9culo XIX e era inicialmente explorado pela C\u00e2mara e Prefeitura, tendo sido doada ao estado em 1958. No local h\u00e1 restaurantes e bares e uma capela de Nossa Senhora da Sa\u00fade, constru\u00edda no in\u00edcio do s\u00e9culo XX.<\/p>\n<p><em><img loading=\"lazy\" class=\"alignleft size-full wp-image-636\" src=\"http:\/\/tiradentes.net\/01\/wp-content\/uploads\/2021\/01\/pin.png\" alt=\"\" width=\"50\" height=\"50\" \/>O acesso ao Balne\u00e1rio se faz tomando rodovia S\u00e3o Jo\u00e3o del Rei \u2013 BR 040.\u00a0<\/em><\/p>\n","protected":false},"excerpt":{"rendered":"<p>Ponte das Forras Atravessando a ponte de pedra sob o Ribeiro de Santo Ant\u00f4nio, chega-se ao simp\u00e1tico Largo das Forras. Ponte e largo possuem o mesmo nome, uma refer\u00eancia \u00e0s escravas alforriadas que a\u00ed moravam na \u00e9poca colonial. &nbsp; &nbsp; Largo das Forras Ao longo dos anos, o Largo das<\/p>\n","protected":false},"author":1,"featured_media":1540,"comment_status":"open","ping_status":"open","sticky":false,"template":"","format":"standard","meta":{"_mi_skip_tracking":false},"categories":[3],"tags":[],"table_tags":[],"yoast_head":"<!-- This site is optimized with the Yoast SEO plugin v19.6.1 - https:\/\/yoast.com\/wordpress\/plugins\/seo\/ -->\n<title>Pontos Tur\u00edsticos de Tiradentes-MG - Tiradentes.Net: o portal de Tiradentes-MG e regi\u00e3o<\/title>\n<meta name=\"robots\" content=\"index, follow, max-snippet:-1, max-image-preview:large, max-video-preview:-1\" \/>\n<link rel=\"canonical\" href=\"https:\/\/tiradentes.net\/01\/pontos-turisticos-de-tiradentes-mg\/\" \/>\n<meta property=\"og:locale\" content=\"pt_BR\" \/>\n<meta property=\"og:type\" content=\"article\" \/>\n<meta property=\"og:title\" content=\"Pontos Tur\u00edsticos de Tiradentes-MG - Tiradentes.Net: o portal de Tiradentes-MG e regi\u00e3o\" \/>\n<meta property=\"og:description\" content=\"Ponte das Forras Atravessando a ponte de pedra sob o Ribeiro de Santo Ant\u00f4nio, chega-se ao simp\u00e1tico Largo das Forras. Ponte e largo possuem o mesmo nome, uma refer\u00eancia \u00e0s escravas alforriadas que a\u00ed moravam na \u00e9poca colonial. &nbsp; &nbsp; Largo das Forras Ao longo dos anos, o Largo das\" \/>\n<meta property=\"og:url\" content=\"https:\/\/tiradentes.net\/01\/pontos-turisticos-de-tiradentes-mg\/\" \/>\n<meta property=\"og:site_name\" content=\"Tiradentes.Net: o portal de Tiradentes-MG e regi\u00e3o\" \/>\n<meta property=\"article:published_time\" content=\"2021-01-20T02:50:12+00:00\" \/>\n<meta property=\"article:modified_time\" content=\"2022-08-19T01:24:57+00:00\" \/>\n<meta property=\"og:image\" content=\"https:\/\/tiradentes.net\/01\/wp-content\/uploads\/2021\/01\/chafariz-01.jpg\" \/>\n\t<meta property=\"og:image:width\" content=\"450\" \/>\n\t<meta property=\"og:image:height\" content=\"299\" \/>\n\t<meta property=\"og:image:type\" content=\"image\/jpeg\" \/>\n<meta name=\"author\" content=\"admin\" \/>\n<meta name=\"twitter:card\" content=\"summary_large_image\" \/>\n<meta name=\"twitter:label1\" content=\"Escrito por\" \/>\n\t<meta name=\"twitter:data1\" content=\"admin\" \/>\n\t<meta name=\"twitter:label2\" content=\"Est. tempo de leitura\" \/>\n\t<meta name=\"twitter:data2\" content=\"6 minutos\" \/>\n<script type=\"application\/ld+json\" class=\"yoast-schema-graph\">{\"@context\":\"https:\/\/schema.org\",\"@graph\":[{\"@type\":\"Article\",\"@id\":\"https:\/\/tiradentes.net\/01\/pontos-turisticos-de-tiradentes-mg\/#article\",\"isPartOf\":{\"@id\":\"https:\/\/tiradentes.net\/01\/pontos-turisticos-de-tiradentes-mg\/\"},\"author\":{\"name\":\"admin\",\"@id\":\"https:\/\/tiradentes.net\/01\/#\/schema\/person\/5e0ac2c20f34e722f2f67b67107d8cc1\"},\"headline\":\"Pontos Tur\u00edsticos de Tiradentes-MG\",\"datePublished\":\"2021-01-20T02:50:12+00:00\",\"dateModified\":\"2022-08-19T01:24:57+00:00\",\"mainEntityOfPage\":{\"@id\":\"https:\/\/tiradentes.net\/01\/pontos-turisticos-de-tiradentes-mg\/\"},\"wordCount\":1244,\"commentCount\":0,\"publisher\":{\"@id\":\"https:\/\/tiradentes.net\/01\/#organization\"},\"articleSection\":[\"O que fazer\"],\"inLanguage\":\"pt-BR\",\"potentialAction\":[{\"@type\":\"CommentAction\",\"name\":\"Comment\",\"target\":[\"https:\/\/tiradentes.net\/01\/pontos-turisticos-de-tiradentes-mg\/#respond\"]}]},{\"@type\":\"WebPage\",\"@id\":\"https:\/\/tiradentes.net\/01\/pontos-turisticos-de-tiradentes-mg\/\",\"url\":\"https:\/\/tiradentes.net\/01\/pontos-turisticos-de-tiradentes-mg\/\",\"name\":\"Pontos Tur\u00edsticos de Tiradentes-MG - Tiradentes.Net: o portal de Tiradentes-MG e regi\u00e3o\",\"isPartOf\":{\"@id\":\"https:\/\/tiradentes.net\/01\/#website\"},\"datePublished\":\"2021-01-20T02:50:12+00:00\",\"dateModified\":\"2022-08-19T01:24:57+00:00\",\"breadcrumb\":{\"@id\":\"https:\/\/tiradentes.net\/01\/pontos-turisticos-de-tiradentes-mg\/#breadcrumb\"},\"inLanguage\":\"pt-BR\",\"potentialAction\":[{\"@type\":\"ReadAction\",\"target\":[\"https:\/\/tiradentes.net\/01\/pontos-turisticos-de-tiradentes-mg\/\"]}]},{\"@type\":\"BreadcrumbList\",\"@id\":\"https:\/\/tiradentes.net\/01\/pontos-turisticos-de-tiradentes-mg\/#breadcrumb\",\"itemListElement\":[{\"@type\":\"ListItem\",\"position\":1,\"name\":\"In\u00edcio\",\"item\":\"https:\/\/tiradentes.net\/01\/\"},{\"@type\":\"ListItem\",\"position\":2,\"name\":\"Pontos Tur\u00edsticos de Tiradentes-MG\"}]},{\"@type\":\"WebSite\",\"@id\":\"https:\/\/tiradentes.net\/01\/#website\",\"url\":\"https:\/\/tiradentes.net\/01\/\",\"name\":\"Tiradentes.Net: o portal de Tiradentes-MG e regi\u00e3o\",\"description\":\"Tudo sobre Tiradentes-MG e regi\u00e3o. Not\u00edcias e informa\u00e7\u00f5es para planejar sua viagem: Hot\u00e9is e pousadas, restaurantes, atra\u00e7\u00f5es, com\u00e9rcio e servi\u00e7os relaicionados \u00e0 Tiradentes-MG e regi\u00e3o\",\"publisher\":{\"@id\":\"https:\/\/tiradentes.net\/01\/#organization\"},\"potentialAction\":[{\"@type\":\"SearchAction\",\"target\":{\"@type\":\"EntryPoint\",\"urlTemplate\":\"https:\/\/tiradentes.net\/01\/?s={search_term_string}\"},\"query-input\":\"required name=search_term_string\"}],\"inLanguage\":\"pt-BR\"},{\"@type\":\"Organization\",\"@id\":\"https:\/\/tiradentes.net\/01\/#organization\",\"name\":\"Tiradentes.Net: o portal de Tiradentes-MG e regi\u00e3o\",\"url\":\"https:\/\/tiradentes.net\/01\/\",\"sameAs\":[],\"logo\":{\"@type\":\"ImageObject\",\"inLanguage\":\"pt-BR\",\"@id\":\"https:\/\/tiradentes.net\/01\/#\/schema\/logo\/image\/\",\"url\":\"https:\/\/tiradentes.net\/01\/wp-content\/uploads\/2021\/01\/LOGO2.png\",\"contentUrl\":\"https:\/\/tiradentes.net\/01\/wp-content\/uploads\/2021\/01\/LOGO2.png\",\"width\":250,\"height\":185,\"caption\":\"Tiradentes.Net: o portal de Tiradentes-MG e regi\u00e3o\"},\"image\":{\"@id\":\"https:\/\/tiradentes.net\/01\/#\/schema\/logo\/image\/\"}},{\"@type\":\"Person\",\"@id\":\"https:\/\/tiradentes.net\/01\/#\/schema\/person\/5e0ac2c20f34e722f2f67b67107d8cc1\",\"name\":\"admin\",\"sameAs\":[\"http:\/\/tiradentes.net\/01\"],\"url\":\"https:\/\/tiradentes.net\/01\/profile\/admin\/\"}]}<\/script>\n<!-- \/ Yoast SEO plugin. -->","yoast_head_json":{"title":"Pontos Tur\u00edsticos de Tiradentes-MG - Tiradentes.Net: o portal de Tiradentes-MG e regi\u00e3o","robots":{"index":"index","follow":"follow","max-snippet":"max-snippet:-1","max-image-preview":"max-image-preview:large","max-video-preview":"max-video-preview:-1"},"canonical":"https:\/\/tiradentes.net\/01\/pontos-turisticos-de-tiradentes-mg\/","og_locale":"pt_BR","og_type":"article","og_title":"Pontos Tur\u00edsticos de Tiradentes-MG - Tiradentes.Net: o portal de Tiradentes-MG e regi\u00e3o","og_description":"Ponte das Forras Atravessando a ponte de pedra sob o Ribeiro de Santo Ant\u00f4nio, chega-se ao simp\u00e1tico Largo das Forras. Ponte e largo possuem o mesmo nome, uma refer\u00eancia \u00e0s escravas alforriadas que a\u00ed moravam na \u00e9poca colonial. &nbsp; &nbsp; Largo das Forras Ao longo dos anos, o Largo das","og_url":"https:\/\/tiradentes.net\/01\/pontos-turisticos-de-tiradentes-mg\/","og_site_name":"Tiradentes.Net: o portal de Tiradentes-MG e regi\u00e3o","article_published_time":"2021-01-20T02:50:12+00:00","article_modified_time":"2022-08-19T01:24:57+00:00","og_image":[{"width":450,"height":299,"url":"https:\/\/tiradentes.net\/01\/wp-content\/uploads\/2021\/01\/chafariz-01.jpg","type":"image\/jpeg"}],"author":"admin","twitter_card":"summary_large_image","twitter_misc":{"Escrito por":"admin","Est. tempo de leitura":"6 minutos"},"schema":{"@context":"https:\/\/schema.org","@graph":[{"@type":"Article","@id":"https:\/\/tiradentes.net\/01\/pontos-turisticos-de-tiradentes-mg\/#article","isPartOf":{"@id":"https:\/\/tiradentes.net\/01\/pontos-turisticos-de-tiradentes-mg\/"},"author":{"name":"admin","@id":"https:\/\/tiradentes.net\/01\/#\/schema\/person\/5e0ac2c20f34e722f2f67b67107d8cc1"},"headline":"Pontos Tur\u00edsticos de Tiradentes-MG","datePublished":"2021-01-20T02:50:12+00:00","dateModified":"2022-08-19T01:24:57+00:00","mainEntityOfPage":{"@id":"https:\/\/tiradentes.net\/01\/pontos-turisticos-de-tiradentes-mg\/"},"wordCount":1244,"commentCount":0,"publisher":{"@id":"https:\/\/tiradentes.net\/01\/#organization"},"articleSection":["O que fazer"],"inLanguage":"pt-BR","potentialAction":[{"@type":"CommentAction","name":"Comment","target":["https:\/\/tiradentes.net\/01\/pontos-turisticos-de-tiradentes-mg\/#respond"]}]},{"@type":"WebPage","@id":"https:\/\/tiradentes.net\/01\/pontos-turisticos-de-tiradentes-mg\/","url":"https:\/\/tiradentes.net\/01\/pontos-turisticos-de-tiradentes-mg\/","name":"Pontos Tur\u00edsticos de Tiradentes-MG - Tiradentes.Net: o portal de Tiradentes-MG e regi\u00e3o","isPartOf":{"@id":"https:\/\/tiradentes.net\/01\/#website"},"datePublished":"2021-01-20T02:50:12+00:00","dateModified":"2022-08-19T01:24:57+00:00","breadcrumb":{"@id":"https:\/\/tiradentes.net\/01\/pontos-turisticos-de-tiradentes-mg\/#breadcrumb"},"inLanguage":"pt-BR","potentialAction":[{"@type":"ReadAction","target":["https:\/\/tiradentes.net\/01\/pontos-turisticos-de-tiradentes-mg\/"]}]},{"@type":"BreadcrumbList","@id":"https:\/\/tiradentes.net\/01\/pontos-turisticos-de-tiradentes-mg\/#breadcrumb","itemListElement":[{"@type":"ListItem","position":1,"name":"In\u00edcio","item":"https:\/\/tiradentes.net\/01\/"},{"@type":"ListItem","position":2,"name":"Pontos Tur\u00edsticos de Tiradentes-MG"}]},{"@type":"WebSite","@id":"https:\/\/tiradentes.net\/01\/#website","url":"https:\/\/tiradentes.net\/01\/","name":"Tiradentes.Net: o portal de Tiradentes-MG e regi\u00e3o","description":"Tudo sobre Tiradentes-MG e regi\u00e3o. Not\u00edcias e informa\u00e7\u00f5es para planejar sua viagem: Hot\u00e9is e pousadas, restaurantes, atra\u00e7\u00f5es, com\u00e9rcio e servi\u00e7os relaicionados \u00e0 Tiradentes-MG e regi\u00e3o","publisher":{"@id":"https:\/\/tiradentes.net\/01\/#organization"},"potentialAction":[{"@type":"SearchAction","target":{"@type":"EntryPoint","urlTemplate":"https:\/\/tiradentes.net\/01\/?s={search_term_string}"},"query-input":"required name=search_term_string"}],"inLanguage":"pt-BR"},{"@type":"Organization","@id":"https:\/\/tiradentes.net\/01\/#organization","name":"Tiradentes.Net: o portal de Tiradentes-MG e regi\u00e3o","url":"https:\/\/tiradentes.net\/01\/","sameAs":[],"logo":{"@type":"ImageObject","inLanguage":"pt-BR","@id":"https:\/\/tiradentes.net\/01\/#\/schema\/logo\/image\/","url":"https:\/\/tiradentes.net\/01\/wp-content\/uploads\/2021\/01\/LOGO2.png","contentUrl":"https:\/\/tiradentes.net\/01\/wp-content\/uploads\/2021\/01\/LOGO2.png","width":250,"height":185,"caption":"Tiradentes.Net: o portal de Tiradentes-MG e regi\u00e3o"},"image":{"@id":"https:\/\/tiradentes.net\/01\/#\/schema\/logo\/image\/"}},{"@type":"Person","@id":"https:\/\/tiradentes.net\/01\/#\/schema\/person\/5e0ac2c20f34e722f2f67b67107d8cc1","name":"admin","sameAs":["http:\/\/tiradentes.net\/01"],"url":"https:\/\/tiradentes.net\/01\/profile\/admin\/"}]}},"_links":{"self":[{"href":"https:\/\/tiradentes.net\/01\/wp-json\/wp\/v2\/posts\/849"}],"collection":[{"href":"https:\/\/tiradentes.net\/01\/wp-json\/wp\/v2\/posts"}],"about":[{"href":"https:\/\/tiradentes.net\/01\/wp-json\/wp\/v2\/types\/post"}],"author":[{"embeddable":true,"href":"https:\/\/tiradentes.net\/01\/wp-json\/wp\/v2\/users\/1"}],"replies":[{"embeddable":true,"href":"https:\/\/tiradentes.net\/01\/wp-json\/wp\/v2\/comments?post=849"}],"version-history":[{"count":0,"href":"https:\/\/tiradentes.net\/01\/wp-json\/wp\/v2\/posts\/849\/revisions"}],"wp:featuredmedia":[{"embeddable":true,"href":"https:\/\/tiradentes.net\/01\/wp-json\/wp\/v2\/media\/1540"}],"wp:attachment":[{"href":"https:\/\/tiradentes.net\/01\/wp-json\/wp\/v2\/media?parent=849"}],"wp:term":[{"taxonomy":"category","embeddable":true,"href":"https:\/\/tiradentes.net\/01\/wp-json\/wp\/v2\/categories?post=849"},{"taxonomy":"post_tag","embeddable":true,"href":"https:\/\/tiradentes.net\/01\/wp-json\/wp\/v2\/tags?post=849"},{"taxonomy":"table_tags","embeddable":true,"href":"https:\/\/tiradentes.net\/01\/wp-json\/wp\/v2\/table_tags?post=849"}],"curies":[{"name":"wp","href":"https:\/\/api.w.org\/{rel}","templated":true}]}}