{"id":855,"date":"2021-01-14T21:05:59","date_gmt":"2021-01-14T21:05:59","guid":{"rendered":"http:\/\/tiradentes.net\/01\/?p=855"},"modified":"2021-01-14T21:08:41","modified_gmt":"2021-01-14T21:08:41","slug":"exposicao-virtual-largo-tamandare-metamorfoses-museu-regional-de-sjdr","status":"publish","type":"post","link":"https:\/\/tiradentes.net\/01\/exposicao-virtual-largo-tamandare-metamorfoses-museu-regional-de-sjdr\/","title":{"rendered":"Exposi\u00e7\u00e3o Virtual &#8220;Largo Tamandar\u00e9 &#8211; metamorfoses&#8221; . Museu Regional de SJDR"},"content":{"rendered":"<p><img loading=\"lazy\" class=\"size-thumbnail wp-image-857 alignright\" src=\"http:\/\/tiradentes.net\/01\/wp-content\/uploads\/2021\/01\/agenda-museu-sjdr-02-150x150.jpg\" alt=\"\" width=\"150\" height=\"150\" \/>O Museu Regional de S\u00e3o Jo\u00e3o del-Rei encontra-se instalado em um casar\u00e3o de frente para a Pra\u00e7a Severiano de Resende, mais conhecida como Largo Tamandar\u00e9. Esse fato n\u00e3o \u00e9 mero detalhe. \u00a0A escolha do local de constru\u00e7\u00e3o do edif\u00edcio \u2013 que seria, al\u00e9m de resid\u00eancia, uma grande loja \u2013 n\u00e3o foi aleat\u00f3ria. Naquela \u00e9poca, meados do s\u00e9culo XIX, a pra\u00e7a era a entrada da cidade para quem vinha de S\u00e3o Paulo e do Rio de Janeiro e parada das tropas que traziam as mercadorias. Ao longo do tempo, a pra\u00e7a e o casar\u00e3o foram exercendo influ\u00eancias m\u00fatuas e sendo usados com objetivos diversos. De certa forma, era como se a pra\u00e7a fosse o jardim da resid\u00eancia e ambas fizessem parte de um conjunto.<\/p>\n<p>O Largo passou por diversas modifica\u00e7\u00f5es ao longo do tempo, por\u00e9m sua relev\u00e2ncia permaneceu. No s\u00e9culo XIX, possu\u00eda um chafariz que distribu\u00eda \u00e1gua aos moradores e viajantes. Servia de parada das tropas que chegavam de outras terras e isso durou at\u00e9 o in\u00edcio do s\u00e9culo XX \u2013 tempo em que tamb\u00e9m foi ponto de parada de \u00f4nibus intermunicipais. Como se v\u00ea, o espa\u00e7o era estrat\u00e9gico para a cidade.<\/p>\n<p>Esta exposi\u00e7\u00e3o virtual busca mostrar as transforma\u00e7\u00f5es pelas quais a pra\u00e7a passou, n\u00e3o s\u00f3 em seus aspectos f\u00edsicos, mas em seus nomes e na forma como os moradores a ocupavam e usavam de seu espa\u00e7o. Seus usos foram tamb\u00e9m se modificando conforme acontecia o mesmo com a sociedade.<\/p>\n<p><em><img src=\"https:\/\/tiradentes.net\/imagens\/dedo.gif\" \/> Acesse: <a href=\"https:\/\/museuregionaldesaojoaodelrei.museus.gov.br\/exposicao-virtual-largo-tamandare-metamorfoses\/\" target=\"_blank\" rel=\"noopener\">museuregionaldesaojoaodelrei.museus.gov.br\/exposicao-virtual-largo-tamandare-metamorfoses\/<\/a><\/em><\/p>\n","protected":false},"excerpt":{"rendered":"<p>O Museu Regional de S\u00e3o Jo\u00e3o del-Rei encontra-se instalado em um casar\u00e3o de frente para a Pra\u00e7a Severiano de Resende, mais conhecida como Largo Tamandar\u00e9. Esse fato n\u00e3o \u00e9 mero detalhe. \u00a0A escolha do local de constru\u00e7\u00e3o do edif\u00edcio \u2013 que seria, al\u00e9m de resid\u00eancia, uma grande loja \u2013 n\u00e3o<\/p>\n","protected":false},"author":1,"featured_media":856,"comment_status":"open","ping_status":"open","sticky":false,"template":"","format":"standard","meta":{"_mi_skip_tracking":false},"categories":[255],"tags":[],"table_tags":[],"yoast_head":"<!-- This site is optimized with the Yoast SEO plugin v19.6.1 - https:\/\/yoast.com\/wordpress\/plugins\/seo\/ -->\n<title>Exposi\u00e7\u00e3o Virtual &quot;Largo Tamandar\u00e9 - metamorfoses&quot; . Museu Regional de SJDR - Tiradentes.Net: o portal de Tiradentes-MG e regi\u00e3o<\/title>\n<meta name=\"robots\" content=\"index, follow, max-snippet:-1, max-image-preview:large, max-video-preview:-1\" \/>\n<link rel=\"canonical\" href=\"https:\/\/tiradentes.net\/01\/exposicao-virtual-largo-tamandare-metamorfoses-museu-regional-de-sjdr\/\" \/>\n<meta property=\"og:locale\" content=\"pt_BR\" \/>\n<meta property=\"og:type\" content=\"article\" \/>\n<meta property=\"og:title\" content=\"Exposi\u00e7\u00e3o Virtual &quot;Largo Tamandar\u00e9 - metamorfoses&quot; . Museu Regional de SJDR - Tiradentes.Net: o portal de Tiradentes-MG e regi\u00e3o\" \/>\n<meta property=\"og:description\" content=\"O Museu Regional de S\u00e3o Jo\u00e3o del-Rei encontra-se instalado em um casar\u00e3o de frente para a Pra\u00e7a Severiano de Resende, mais conhecida como Largo Tamandar\u00e9. Esse fato n\u00e3o \u00e9 mero detalhe. \u00a0A escolha do local de constru\u00e7\u00e3o do edif\u00edcio \u2013 que seria, al\u00e9m de resid\u00eancia, uma grande loja \u2013 n\u00e3o\" \/>\n<meta property=\"og:url\" content=\"https:\/\/tiradentes.net\/01\/exposicao-virtual-largo-tamandare-metamorfoses-museu-regional-de-sjdr\/\" \/>\n<meta property=\"og:site_name\" content=\"Tiradentes.Net: o portal de Tiradentes-MG e regi\u00e3o\" \/>\n<meta property=\"article:published_time\" content=\"2021-01-14T21:05:59+00:00\" \/>\n<meta property=\"article:modified_time\" content=\"2021-01-14T21:08:41+00:00\" \/>\n<meta property=\"og:image\" content=\"https:\/\/tiradentes.net\/01\/wp-content\/uploads\/2021\/01\/agenda-museu-sjdr.jpg\" \/>\n\t<meta property=\"og:image:width\" content=\"244\" \/>\n\t<meta property=\"og:image:height\" content=\"226\" \/>\n\t<meta property=\"og:image:type\" content=\"image\/jpeg\" \/>\n<meta name=\"author\" content=\"admin\" \/>\n<meta name=\"twitter:card\" content=\"summary_large_image\" \/>\n<meta name=\"twitter:label1\" content=\"Escrito por\" \/>\n\t<meta name=\"twitter:data1\" content=\"admin\" \/>\n\t<meta name=\"twitter:label2\" content=\"Est. tempo de leitura\" \/>\n\t<meta name=\"twitter:data2\" content=\"1 minuto\" \/>\n<script type=\"application\/ld+json\" class=\"yoast-schema-graph\">{\"@context\":\"https:\/\/schema.org\",\"@graph\":[{\"@type\":\"Article\",\"@id\":\"https:\/\/tiradentes.net\/01\/exposicao-virtual-largo-tamandare-metamorfoses-museu-regional-de-sjdr\/#article\",\"isPartOf\":{\"@id\":\"https:\/\/tiradentes.net\/01\/exposicao-virtual-largo-tamandare-metamorfoses-museu-regional-de-sjdr\/\"},\"author\":{\"name\":\"admin\",\"@id\":\"https:\/\/tiradentes.net\/01\/#\/schema\/person\/5e0ac2c20f34e722f2f67b67107d8cc1\"},\"headline\":\"Exposi\u00e7\u00e3o Virtual &#8220;Largo Tamandar\u00e9 &#8211; metamorfoses&#8221; . Museu Regional de SJDR\",\"datePublished\":\"2021-01-14T21:05:59+00:00\",\"dateModified\":\"2021-01-14T21:08:41+00:00\",\"mainEntityOfPage\":{\"@id\":\"https:\/\/tiradentes.net\/01\/exposicao-virtual-largo-tamandare-metamorfoses-museu-regional-de-sjdr\/\"},\"wordCount\":290,\"commentCount\":0,\"publisher\":{\"@id\":\"https:\/\/tiradentes.net\/01\/#organization\"},\"articleSection\":[\"Agenda cultural de Tiradentes-MG e regi\u00e3o\"],\"inLanguage\":\"pt-BR\",\"potentialAction\":[{\"@type\":\"CommentAction\",\"name\":\"Comment\",\"target\":[\"https:\/\/tiradentes.net\/01\/exposicao-virtual-largo-tamandare-metamorfoses-museu-regional-de-sjdr\/#respond\"]}]},{\"@type\":\"WebPage\",\"@id\":\"https:\/\/tiradentes.net\/01\/exposicao-virtual-largo-tamandare-metamorfoses-museu-regional-de-sjdr\/\",\"url\":\"https:\/\/tiradentes.net\/01\/exposicao-virtual-largo-tamandare-metamorfoses-museu-regional-de-sjdr\/\",\"name\":\"Exposi\u00e7\u00e3o Virtual \\\"Largo Tamandar\u00e9 - metamorfoses\\\" . Museu Regional de SJDR - Tiradentes.Net: o portal de Tiradentes-MG e regi\u00e3o\",\"isPartOf\":{\"@id\":\"https:\/\/tiradentes.net\/01\/#website\"},\"datePublished\":\"2021-01-14T21:05:59+00:00\",\"dateModified\":\"2021-01-14T21:08:41+00:00\",\"breadcrumb\":{\"@id\":\"https:\/\/tiradentes.net\/01\/exposicao-virtual-largo-tamandare-metamorfoses-museu-regional-de-sjdr\/#breadcrumb\"},\"inLanguage\":\"pt-BR\",\"potentialAction\":[{\"@type\":\"ReadAction\",\"target\":[\"https:\/\/tiradentes.net\/01\/exposicao-virtual-largo-tamandare-metamorfoses-museu-regional-de-sjdr\/\"]}]},{\"@type\":\"BreadcrumbList\",\"@id\":\"https:\/\/tiradentes.net\/01\/exposicao-virtual-largo-tamandare-metamorfoses-museu-regional-de-sjdr\/#breadcrumb\",\"itemListElement\":[{\"@type\":\"ListItem\",\"position\":1,\"name\":\"In\u00edcio\",\"item\":\"https:\/\/tiradentes.net\/01\/\"},{\"@type\":\"ListItem\",\"position\":2,\"name\":\"Exposi\u00e7\u00e3o Virtual &#8220;Largo Tamandar\u00e9 &#8211; metamorfoses&#8221; . Museu Regional de SJDR\"}]},{\"@type\":\"WebSite\",\"@id\":\"https:\/\/tiradentes.net\/01\/#website\",\"url\":\"https:\/\/tiradentes.net\/01\/\",\"name\":\"Tiradentes.Net: o portal de Tiradentes-MG e regi\u00e3o\",\"description\":\"Tudo sobre Tiradentes-MG e regi\u00e3o. Not\u00edcias e informa\u00e7\u00f5es para planejar sua viagem: Hot\u00e9is e pousadas, restaurantes, atra\u00e7\u00f5es, com\u00e9rcio e servi\u00e7os relaicionados \u00e0 Tiradentes-MG e regi\u00e3o\",\"publisher\":{\"@id\":\"https:\/\/tiradentes.net\/01\/#organization\"},\"potentialAction\":[{\"@type\":\"SearchAction\",\"target\":{\"@type\":\"EntryPoint\",\"urlTemplate\":\"https:\/\/tiradentes.net\/01\/?s={search_term_string}\"},\"query-input\":\"required name=search_term_string\"}],\"inLanguage\":\"pt-BR\"},{\"@type\":\"Organization\",\"@id\":\"https:\/\/tiradentes.net\/01\/#organization\",\"name\":\"Tiradentes.Net: o portal de Tiradentes-MG e regi\u00e3o\",\"url\":\"https:\/\/tiradentes.net\/01\/\",\"sameAs\":[],\"logo\":{\"@type\":\"ImageObject\",\"inLanguage\":\"pt-BR\",\"@id\":\"https:\/\/tiradentes.net\/01\/#\/schema\/logo\/image\/\",\"url\":\"https:\/\/tiradentes.net\/01\/wp-content\/uploads\/2021\/01\/LOGO2.png\",\"contentUrl\":\"https:\/\/tiradentes.net\/01\/wp-content\/uploads\/2021\/01\/LOGO2.png\",\"width\":250,\"height\":185,\"caption\":\"Tiradentes.Net: o portal de Tiradentes-MG e regi\u00e3o\"},\"image\":{\"@id\":\"https:\/\/tiradentes.net\/01\/#\/schema\/logo\/image\/\"}},{\"@type\":\"Person\",\"@id\":\"https:\/\/tiradentes.net\/01\/#\/schema\/person\/5e0ac2c20f34e722f2f67b67107d8cc1\",\"name\":\"admin\",\"sameAs\":[\"http:\/\/tiradentes.net\/01\"],\"url\":\"https:\/\/tiradentes.net\/01\/profile\/admin\/\"}]}<\/script>\n<!-- \/ Yoast SEO plugin. -->","yoast_head_json":{"title":"Exposi\u00e7\u00e3o Virtual \"Largo Tamandar\u00e9 - metamorfoses\" . Museu Regional de SJDR - Tiradentes.Net: o portal de Tiradentes-MG e regi\u00e3o","robots":{"index":"index","follow":"follow","max-snippet":"max-snippet:-1","max-image-preview":"max-image-preview:large","max-video-preview":"max-video-preview:-1"},"canonical":"https:\/\/tiradentes.net\/01\/exposicao-virtual-largo-tamandare-metamorfoses-museu-regional-de-sjdr\/","og_locale":"pt_BR","og_type":"article","og_title":"Exposi\u00e7\u00e3o Virtual \"Largo Tamandar\u00e9 - metamorfoses\" . Museu Regional de SJDR - Tiradentes.Net: o portal de Tiradentes-MG e regi\u00e3o","og_description":"O Museu Regional de S\u00e3o Jo\u00e3o del-Rei encontra-se instalado em um casar\u00e3o de frente para a Pra\u00e7a Severiano de Resende, mais conhecida como Largo Tamandar\u00e9. Esse fato n\u00e3o \u00e9 mero detalhe. \u00a0A escolha do local de constru\u00e7\u00e3o do edif\u00edcio \u2013 que seria, al\u00e9m de resid\u00eancia, uma grande loja \u2013 n\u00e3o","og_url":"https:\/\/tiradentes.net\/01\/exposicao-virtual-largo-tamandare-metamorfoses-museu-regional-de-sjdr\/","og_site_name":"Tiradentes.Net: o portal de Tiradentes-MG e regi\u00e3o","article_published_time":"2021-01-14T21:05:59+00:00","article_modified_time":"2021-01-14T21:08:41+00:00","og_image":[{"width":244,"height":226,"url":"https:\/\/tiradentes.net\/01\/wp-content\/uploads\/2021\/01\/agenda-museu-sjdr.jpg","type":"image\/jpeg"}],"author":"admin","twitter_card":"summary_large_image","twitter_misc":{"Escrito por":"admin","Est. tempo de leitura":"1 minuto"},"schema":{"@context":"https:\/\/schema.org","@graph":[{"@type":"Article","@id":"https:\/\/tiradentes.net\/01\/exposicao-virtual-largo-tamandare-metamorfoses-museu-regional-de-sjdr\/#article","isPartOf":{"@id":"https:\/\/tiradentes.net\/01\/exposicao-virtual-largo-tamandare-metamorfoses-museu-regional-de-sjdr\/"},"author":{"name":"admin","@id":"https:\/\/tiradentes.net\/01\/#\/schema\/person\/5e0ac2c20f34e722f2f67b67107d8cc1"},"headline":"Exposi\u00e7\u00e3o Virtual &#8220;Largo Tamandar\u00e9 &#8211; metamorfoses&#8221; . Museu Regional de SJDR","datePublished":"2021-01-14T21:05:59+00:00","dateModified":"2021-01-14T21:08:41+00:00","mainEntityOfPage":{"@id":"https:\/\/tiradentes.net\/01\/exposicao-virtual-largo-tamandare-metamorfoses-museu-regional-de-sjdr\/"},"wordCount":290,"commentCount":0,"publisher":{"@id":"https:\/\/tiradentes.net\/01\/#organization"},"articleSection":["Agenda cultural de Tiradentes-MG e regi\u00e3o"],"inLanguage":"pt-BR","potentialAction":[{"@type":"CommentAction","name":"Comment","target":["https:\/\/tiradentes.net\/01\/exposicao-virtual-largo-tamandare-metamorfoses-museu-regional-de-sjdr\/#respond"]}]},{"@type":"WebPage","@id":"https:\/\/tiradentes.net\/01\/exposicao-virtual-largo-tamandare-metamorfoses-museu-regional-de-sjdr\/","url":"https:\/\/tiradentes.net\/01\/exposicao-virtual-largo-tamandare-metamorfoses-museu-regional-de-sjdr\/","name":"Exposi\u00e7\u00e3o Virtual \"Largo Tamandar\u00e9 - metamorfoses\" . Museu Regional de SJDR - Tiradentes.Net: o portal de Tiradentes-MG e regi\u00e3o","isPartOf":{"@id":"https:\/\/tiradentes.net\/01\/#website"},"datePublished":"2021-01-14T21:05:59+00:00","dateModified":"2021-01-14T21:08:41+00:00","breadcrumb":{"@id":"https:\/\/tiradentes.net\/01\/exposicao-virtual-largo-tamandare-metamorfoses-museu-regional-de-sjdr\/#breadcrumb"},"inLanguage":"pt-BR","potentialAction":[{"@type":"ReadAction","target":["https:\/\/tiradentes.net\/01\/exposicao-virtual-largo-tamandare-metamorfoses-museu-regional-de-sjdr\/"]}]},{"@type":"BreadcrumbList","@id":"https:\/\/tiradentes.net\/01\/exposicao-virtual-largo-tamandare-metamorfoses-museu-regional-de-sjdr\/#breadcrumb","itemListElement":[{"@type":"ListItem","position":1,"name":"In\u00edcio","item":"https:\/\/tiradentes.net\/01\/"},{"@type":"ListItem","position":2,"name":"Exposi\u00e7\u00e3o Virtual &#8220;Largo Tamandar\u00e9 &#8211; metamorfoses&#8221; . Museu Regional de SJDR"}]},{"@type":"WebSite","@id":"https:\/\/tiradentes.net\/01\/#website","url":"https:\/\/tiradentes.net\/01\/","name":"Tiradentes.Net: o portal de Tiradentes-MG e regi\u00e3o","description":"Tudo sobre Tiradentes-MG e regi\u00e3o. Not\u00edcias e informa\u00e7\u00f5es para planejar sua viagem: Hot\u00e9is e pousadas, restaurantes, atra\u00e7\u00f5es, com\u00e9rcio e servi\u00e7os relaicionados \u00e0 Tiradentes-MG e regi\u00e3o","publisher":{"@id":"https:\/\/tiradentes.net\/01\/#organization"},"potentialAction":[{"@type":"SearchAction","target":{"@type":"EntryPoint","urlTemplate":"https:\/\/tiradentes.net\/01\/?s={search_term_string}"},"query-input":"required name=search_term_string"}],"inLanguage":"pt-BR"},{"@type":"Organization","@id":"https:\/\/tiradentes.net\/01\/#organization","name":"Tiradentes.Net: o portal de Tiradentes-MG e regi\u00e3o","url":"https:\/\/tiradentes.net\/01\/","sameAs":[],"logo":{"@type":"ImageObject","inLanguage":"pt-BR","@id":"https:\/\/tiradentes.net\/01\/#\/schema\/logo\/image\/","url":"https:\/\/tiradentes.net\/01\/wp-content\/uploads\/2021\/01\/LOGO2.png","contentUrl":"https:\/\/tiradentes.net\/01\/wp-content\/uploads\/2021\/01\/LOGO2.png","width":250,"height":185,"caption":"Tiradentes.Net: o portal de Tiradentes-MG e regi\u00e3o"},"image":{"@id":"https:\/\/tiradentes.net\/01\/#\/schema\/logo\/image\/"}},{"@type":"Person","@id":"https:\/\/tiradentes.net\/01\/#\/schema\/person\/5e0ac2c20f34e722f2f67b67107d8cc1","name":"admin","sameAs":["http:\/\/tiradentes.net\/01"],"url":"https:\/\/tiradentes.net\/01\/profile\/admin\/"}]}},"_links":{"self":[{"href":"https:\/\/tiradentes.net\/01\/wp-json\/wp\/v2\/posts\/855"}],"collection":[{"href":"https:\/\/tiradentes.net\/01\/wp-json\/wp\/v2\/posts"}],"about":[{"href":"https:\/\/tiradentes.net\/01\/wp-json\/wp\/v2\/types\/post"}],"author":[{"embeddable":true,"href":"https:\/\/tiradentes.net\/01\/wp-json\/wp\/v2\/users\/1"}],"replies":[{"embeddable":true,"href":"https:\/\/tiradentes.net\/01\/wp-json\/wp\/v2\/comments?post=855"}],"version-history":[{"count":0,"href":"https:\/\/tiradentes.net\/01\/wp-json\/wp\/v2\/posts\/855\/revisions"}],"wp:featuredmedia":[{"embeddable":true,"href":"https:\/\/tiradentes.net\/01\/wp-json\/wp\/v2\/media\/856"}],"wp:attachment":[{"href":"https:\/\/tiradentes.net\/01\/wp-json\/wp\/v2\/media?parent=855"}],"wp:term":[{"taxonomy":"category","embeddable":true,"href":"https:\/\/tiradentes.net\/01\/wp-json\/wp\/v2\/categories?post=855"},{"taxonomy":"post_tag","embeddable":true,"href":"https:\/\/tiradentes.net\/01\/wp-json\/wp\/v2\/tags?post=855"},{"taxonomy":"table_tags","embeddable":true,"href":"https:\/\/tiradentes.net\/01\/wp-json\/wp\/v2\/table_tags?post=855"}],"curies":[{"name":"wp","href":"https:\/\/api.w.org\/{rel}","templated":true}]}}